{"id":5881,"date":"2025-03-31T09:47:48","date_gmt":"2025-03-31T09:47:48","guid":{"rendered":"https:\/\/infogandia.es\/?p=5881"},"modified":"2025-03-31T09:47:48","modified_gmt":"2025-03-31T09:47:48","slug":"el-grupo-popular-abandona-el-pleno-por-la-falta-de-orden-y-los-insultos-del-portavoz-socialista","status":"publish","type":"post","link":"https:\/\/infogandia.es\/index.php\/2025\/03\/31\/el-grupo-popular-abandona-el-pleno-por-la-falta-de-orden-y-los-insultos-del-portavoz-socialista\/","title":{"rendered":"El Grupo Popular abandona el pleno por la falta de orden y los insultos del portavoz socialista"},"content":{"rendered":"\n<p>El portavoz del Grupo Popular en el Ayuntamiento de Gandia, V\u00edctor Soler, ha respondido a las acusaciones del portavoz socialista, Adri\u00e1n Vila, tras la pol\u00e9mica surgida en el \u00faltimo pleno municipal. Soler ha justificado la decisi\u00f3n de su grupo de abandonar la sesi\u00f3n ante lo que considera una falta de control por parte del alcalde, Jos\u00e9 Manuel Prieto, para mantener el orden y frenar los insultos provenientes del portavoz socialista.<\/p>\n\n\n\n<p>Soler ha se\u00f1alado que la marcha del Grupo Popular no se debi\u00f3 a una negativa a responder preguntas, como afirm\u00f3 Vila, sino a la imposibilidad de intervenir para defenderse de los ataques recibidos. &#8220;Nadie ha huido de ninguna pregunta. Si Adri\u00e1n Vila conociese el reglamento del pleno, sabr\u00eda que en el debate de una moci\u00f3n no hay turno de respuesta&#8221;, ha declarado Soler.<\/p>\n\n\n\n<p>El l\u00edder popular ha denunciado haber sido v\u00edctima, junto con su grupo, de &#8220;insultos reiterados&#8221; por parte de Vila. Seg\u00fan Soler, solicit\u00f3 la palabra en tres ocasiones por alusiones directas, pero Prieto se la neg\u00f3. &#8220;Ante este desmedido ataque, hemos decidido abandonar el pleno ante la evidente incapacidad del se\u00f1or Prieto de mantener el orden y detener los insultos que est\u00e1bamos recibiendo por parte de su portavoz&#8221;, ha afirmado.<\/p>\n\n\n\n<p>El incidente ha generado un clima de tensi\u00f3n en el consistorio, evidenciando la creciente confrontaci\u00f3n entre el gobierno socialista y la oposici\u00f3n popular.<\/p>\n","protected":false},"excerpt":{"rendered":"<p>El portavoz del Grupo Popular en el Ayuntamiento de Gandia, V\u00edctor Soler, ha respondido a las acusaciones del portavoz socialista, Adri\u00e1n Vila, tras la pol\u00e9mica surgida en el \u00faltimo pleno municipal. Soler ha justificado la decisi\u00f3n de su grupo de abandonar la sesi\u00f3n ante lo que considera una falta de control por parte del alcalde,&#8230;<\/p>\n","protected":false},"author":1,"featured_media":5855,"comment_status":"open","ping_status":"open","sticky":false,"template":"","format":"standard","meta":{"footnotes":""},"categories":[1,3],"tags":[],"class_list":["post-5881","post","type-post","status-publish","format-standard","has-post-thumbnail","hentry","category-actualidad","category-politica"],"_links":{"self":[{"href":"https:\/\/infogandia.es\/index.php\/wp-json\/wp\/v2\/posts\/5881","targetHints":{"allow":["GET"]}}],"collection":[{"href":"https:\/\/infogandia.es\/index.php\/wp-json\/wp\/v2\/posts"}],"about":[{"href":"https:\/\/infogandia.es\/index.php\/wp-json\/wp\/v2\/types\/post"}],"author":[{"embeddable":true,"href":"https:\/\/infogandia.es\/index.php\/wp-json\/wp\/v2\/users\/1"}],"replies":[{"embeddable":true,"href":"https:\/\/infogandia.es\/index.php\/wp-json\/wp\/v2\/comments?post=5881"}],"version-history":[{"count":1,"href":"https:\/\/infogandia.es\/index.php\/wp-json\/wp\/v2\/posts\/5881\/revisions"}],"predecessor-version":[{"id":5882,"href":"https:\/\/infogandia.es\/index.php\/wp-json\/wp\/v2\/posts\/5881\/revisions\/5882"}],"wp:featuredmedia":[{"embeddable":true,"href":"https:\/\/infogandia.es\/index.php\/wp-json\/wp\/v2\/media\/5855"}],"wp:attachment":[{"href":"https:\/\/infogandia.es\/index.php\/wp-json\/wp\/v2\/media?parent=5881"}],"wp:term":[{"taxonomy":"category","embeddable":true,"href":"https:\/\/infogandia.es\/index.php\/wp-json\/wp\/v2\/categories?post=5881"},{"taxonomy":"post_tag","embeddable":true,"href":"https:\/\/infogandia.es\/index.php\/wp-json\/wp\/v2\/tags?post=5881"}],"curies":[{"name":"wp","href":"https:\/\/api.w.org\/{rel}","templated":true}]}}