{"id":5900,"date":"2025-04-01T09:24:43","date_gmt":"2025-04-01T09:24:43","guid":{"rendered":"https:\/\/infogandia.es\/?p=5900"},"modified":"2025-04-01T09:24:43","modified_gmt":"2025-04-01T09:24:43","slug":"miguel-tellado-visitara-gandia-el-jueves-3-de-abril-para-respaldar-al-partido-popular-local","status":"publish","type":"post","link":"https:\/\/infogandia.es\/index.php\/2025\/04\/01\/miguel-tellado-visitara-gandia-el-jueves-3-de-abril-para-respaldar-al-partido-popular-local\/","title":{"rendered":"Miguel Tellado visitar\u00e1 Gandia el jueves 3 de abril para respaldar al Partido Popular local"},"content":{"rendered":"\n<p><strong>Miguel Tellado<\/strong>, portavoz del Grupo Popular en el Congreso, estar\u00e1 en Gandia el <strong>jueves 3 de abril<\/strong> para mostrar su apoyo al <strong>Partido Popular de la ciudad<\/strong>. Durante su visita, Tellado se reunir\u00e1 con <strong>empresarios y representantes de diversos sectores de Gandia y la Safor<\/strong> para intercambiar ideas y explicar las l\u00edneas de actuaci\u00f3n del Partido Popular a nivel nacional.<\/p>\n\n\n\n<p>El evento continuar\u00e1 con un <strong>encuentro con afiliados y simpatizantes<\/strong> del partido, quienes podr\u00e1n participar y conocer de primera mano las propuestas del Grupo Popular.<\/p>\n\n\n\n<p>El portavoz del Grupo Municipal Popular en Gandia, <strong>V\u00edctor Soler<\/strong>, ha expresado su agradecimiento a Miguel Tellado por elegir Gandia para esta visita, destacando que su presencia <strong><em>\u201ces una muestra de apoyo al proyecto que el Partido Popular est\u00e1 construyendo para la ciudad, con el objetivo de ser la alternativa que Gandia necesita despu\u00e9s de 40 a\u00f1os de socialismo\u201d.<\/em><\/strong><\/p>\n\n\n\n<p>Soler ha resaltado que el cambio en <strong>2027<\/strong> no solo afectar\u00e1 a Gandia, sino tambi\u00e9n a toda Espa\u00f1a.<strong><em> \u201cEste es un momento de celebraci\u00f3n, pero tambi\u00e9n de estrechar lazos con nuestros representantes a nivel nacional para lograr los objetivos del partido y continuar avanzando hacia el futuro que deseamos para la ciudad y el pa\u00eds\u201d, <\/em><\/strong>ha afirmado.<\/p>\n","protected":false},"excerpt":{"rendered":"<p>Miguel Tellado, portavoz del Grupo Popular en el Congreso, estar\u00e1 en Gandia el jueves 3 de abril para mostrar su apoyo al Partido Popular de la ciudad. Durante su visita, Tellado se reunir\u00e1 con empresarios y representantes de diversos sectores de Gandia y la Safor para intercambiar ideas y explicar las l\u00edneas de actuaci\u00f3n del&#8230;<\/p>\n","protected":false},"author":1,"featured_media":5901,"comment_status":"open","ping_status":"open","sticky":false,"template":"","format":"standard","meta":{"footnotes":""},"categories":[1,3],"tags":[],"class_list":["post-5900","post","type-post","status-publish","format-standard","has-post-thumbnail","hentry","category-actualidad","category-politica"],"_links":{"self":[{"href":"https:\/\/infogandia.es\/index.php\/wp-json\/wp\/v2\/posts\/5900","targetHints":{"allow":["GET"]}}],"collection":[{"href":"https:\/\/infogandia.es\/index.php\/wp-json\/wp\/v2\/posts"}],"about":[{"href":"https:\/\/infogandia.es\/index.php\/wp-json\/wp\/v2\/types\/post"}],"author":[{"embeddable":true,"href":"https:\/\/infogandia.es\/index.php\/wp-json\/wp\/v2\/users\/1"}],"replies":[{"embeddable":true,"href":"https:\/\/infogandia.es\/index.php\/wp-json\/wp\/v2\/comments?post=5900"}],"version-history":[{"count":1,"href":"https:\/\/infogandia.es\/index.php\/wp-json\/wp\/v2\/posts\/5900\/revisions"}],"predecessor-version":[{"id":5902,"href":"https:\/\/infogandia.es\/index.php\/wp-json\/wp\/v2\/posts\/5900\/revisions\/5902"}],"wp:featuredmedia":[{"embeddable":true,"href":"https:\/\/infogandia.es\/index.php\/wp-json\/wp\/v2\/media\/5901"}],"wp:attachment":[{"href":"https:\/\/infogandia.es\/index.php\/wp-json\/wp\/v2\/media?parent=5900"}],"wp:term":[{"taxonomy":"category","embeddable":true,"href":"https:\/\/infogandia.es\/index.php\/wp-json\/wp\/v2\/categories?post=5900"},{"taxonomy":"post_tag","embeddable":true,"href":"https:\/\/infogandia.es\/index.php\/wp-json\/wp\/v2\/tags?post=5900"}],"curies":[{"name":"wp","href":"https:\/\/api.w.org\/{rel}","templated":true}]}}