{"id":5903,"date":"2025-04-01T09:25:58","date_gmt":"2025-04-01T09:25:58","guid":{"rendered":"https:\/\/infogandia.es\/?p=5903"},"modified":"2025-04-01T09:26:00","modified_gmt":"2025-04-01T09:26:00","slug":"gandia-ultima-els-detalls-de-la-xvi-edicio-de-la-cursa-de-la-dona-vicky-foods","status":"publish","type":"post","link":"https:\/\/infogandia.es\/index.php\/2025\/04\/01\/gandia-ultima-els-detalls-de-la-xvi-edicio-de-la-cursa-de-la-dona-vicky-foods\/","title":{"rendered":"Gandia ultima els detalls de la XVI edici\u00f3 de la Cursa de la Dona Vicky Foods\u00a0"},"content":{"rendered":"\n<p>La ciutat de Gandia ja t\u00e9 tot a punt per a celebrar aquest diumenge, 6 d\u2019abril, la <strong>XVI edici\u00f3 de la Cursa de la Dona Vicky Foods<\/strong>, un esdeveniment esportiu i social que reunir\u00e0 milers de dones per a gaudir de l&#8217;esport i la conviv\u00e8ncia.<\/p>\n\n\n\n<p>El regidor delegat d&#8217;Esports, <strong>Jes\u00fas Naveiro<\/strong>, acompanyat per l\u2019edil de Comer\u00e7 i Empresa, <strong>Elena Moncho<\/strong>, i el president del Club d\u2019Atletisme Safor Teika, <strong>Vicent Bosc\u00e0<\/strong>, han donat els \u00faltims detalls d\u2019aquesta gran festa esportiva. L\u2019esdeveniment, organitzat pel Club d\u2019Atletisme Safor Teika des de fa 18 anys, s\u2019ha consolidat com la cursa popular m\u00e9s multitudin\u00e0ria de la comarca.<\/p>\n\n\n\n<p>La prova arrancar\u00e0 a les 10:30 h des de l\u2019avinguda de les Esclaves, al barri de Benipeixcar. Amb un recorregut de 5,9 km totalment urb\u00e0, les corredores passaran per punts emblem\u00e0tics com el Passeig Germanies, la Pla\u00e7a de l\u2019Escola Pia, la Pla\u00e7a de l\u2019Ajuntament i el Palau Ducal, fins a arribar de nou a la meta a l\u2019Avinguda de les Esclaves. A m\u00e9s, comptaran amb avituallament i suport de voluntariat al llarg del recorregut.<\/p>\n\n\n\n<p>A les 10:00 h es realitzar\u00e0 un escalfament previ a la zona d\u2019eixida i s\u2019insta a les participants a arribar amb antelaci\u00f3. La cursa t\u00e9 un car\u00e0cter esportiu, per\u00f2 tamb\u00e9 l\u00fadic i de conviv\u00e8ncia, permetent la participaci\u00f3 en grups d\u2019amigues o familiars.<\/p>\n\n\n\n<p><strong>Fira de la Corredora i activitats paral\u00b7leles<\/strong><\/p>\n\n\n\n<p>Com a pr\u00e8via a la Cursa, el divendres 4 i el dissabte 5 d\u2019abril tindr\u00e0 lloc la tradicional Fira de la Corredora a la Pla\u00e7a del Prado, on les participants podran recollir el seu dorsal i la bossa de la corredora. Durant la fira, es realitzaran diverses activitats i exhibicions, com una masterclass de zumba i danses valencianes, aix\u00ed com una exhibici\u00f3 d\u2019acrob\u00e0cies a\u00e8ries.<\/p>\n\n\n\n<p><strong>Un esdeveniment amb finalitat solid\u00e0ria<\/strong><\/p>\n\n\n\n<p>Enguany, part de la recaptaci\u00f3 de la Cursa de la Dona Vicky Foods es destinar\u00e0 al projecte DONAiDONA de l&#8217;associaci\u00f3 EVAP, per a la formaci\u00f3 de dones en risc d\u2019exclusi\u00f3 social. Des de l\u2019organitzaci\u00f3, Vicent Bosc\u00e0 ha volgut agrair el suport de l&#8217;Ajuntament de Gandia, el de Benirredr\u00e0, els patrocinadors i totes les persones i entitats que fan possible aquest esdeveniment.<\/p>\n\n\n\n<figure class=\"wp-block-image size-large\"><img fetchpriority=\"high\" decoding=\"async\" width=\"1024\" height=\"714\" src=\"http:\/\/infogandia.es\/wp-content\/uploads\/2025\/04\/AO_0129-copia-1024x714.jpg\" alt=\"\" class=\"wp-image-5904\" srcset=\"https:\/\/infogandia.es\/wp-content\/uploads\/2025\/04\/AO_0129-copia-1024x714.jpg 1024w, https:\/\/infogandia.es\/wp-content\/uploads\/2025\/04\/AO_0129-copia-300x209.jpg 300w, https:\/\/infogandia.es\/wp-content\/uploads\/2025\/04\/AO_0129-copia-768x535.jpg 768w, https:\/\/infogandia.es\/wp-content\/uploads\/2025\/04\/AO_0129-copia-1536x1071.jpg 1536w, https:\/\/infogandia.es\/wp-content\/uploads\/2025\/04\/AO_0129-copia.jpg 1772w\" sizes=\"(max-width: 1024px) 100vw, 1024px\" \/><\/figure>\n\n\n\n<p>Jes\u00fas Naveiro ha destacat: \u201c<em>Aquesta cursa \u00e9s un referent en la nostra ciutat, no sols per la seua dimensi\u00f3 esportiva, sin\u00f3 tamb\u00e9 pel seu impacte social i de visibilitzaci\u00f3 del paper de la dona en l\u2019esport. Cada any aconseguim implicar m\u00e9s persones i consolidar aquest esdeveniment com un punt de trobada per a totes<\/em>.\u201d<\/p>\n\n\n\n<p>Per la seua banda, Elena Moncho ha afegit: \u201c<em>La Fira de la Corredora \u00e9s una oportunitat perqu\u00e8 la ciutat de Gandia es convertisca en un espai de dinamitzaci\u00f3, tant per a les participants com per a les seues fam\u00edlies i visitants. A m\u00e9s de recollir els dorsals, podran gaudir d\u2019activitats culturals i esportives en un ambient festiu.<\/em>\u201d<\/p>\n\n\n\n<p>El president del Club d\u2019Atletisme Safor Teika, ha volgut recalcar: \u201c<em>El nostre objectiu des dels inicis \u00e9s fomentar i visibilitzar a les dones en el m\u00f3n esportiu, i cada edici\u00f3 ens confirma que estem en el cam\u00ed correcte. Aquesta cursa \u00e9s m\u00e9s que una competici\u00f3, \u00e9s una gran festa de l\u2019esport i la igualtat. Agra\u00efm el suport de tots els col\u00b7laboradors, voluntaris i participants que fan possible aquest esdeveniment.<\/em>\u201d<\/p>\n\n\n\n<p>La festa continuar\u00e0 despr\u00e9s de la meta amb l\u2019entrega de trofeus, un festival de zumba i un concert en directe del grup TKD90. Des de l\u2019organitzaci\u00f3 es fa una crida a tota la ciutadania a participar i animar les corredores, reafirmant que la Cursa de la Dona \u00e9s molt m\u00e9s que una carrera: \u00e9s una festa de l\u2019esport i la dona.<\/p>\n\n\n\n<p>Les inscripcions es tancaran hui dimarts 1 d\u2019abril a les 23:59 h.<\/p>\n","protected":false},"excerpt":{"rendered":"<p>La ciutat de Gandia ja t\u00e9 tot a punt per a celebrar aquest diumenge, 6 d\u2019abril, la XVI edici\u00f3 de la Cursa de la Dona Vicky Foods, un esdeveniment esportiu i social que reunir\u00e0 milers de dones per a gaudir de l&#8217;esport i la conviv\u00e8ncia. El regidor delegat d&#8217;Esports, Jes\u00fas Naveiro, acompanyat per l\u2019edil de&#8230;<\/p>\n","protected":false},"author":1,"featured_media":5905,"comment_status":"open","ping_status":"open","sticky":false,"template":"","format":"standard","meta":{"footnotes":""},"categories":[1,27],"tags":[],"class_list":["post-5903","post","type-post","status-publish","format-standard","has-post-thumbnail","hentry","category-actualidad","category-sociedad"],"_links":{"self":[{"href":"https:\/\/infogandia.es\/index.php\/wp-json\/wp\/v2\/posts\/5903","targetHints":{"allow":["GET"]}}],"collection":[{"href":"https:\/\/infogandia.es\/index.php\/wp-json\/wp\/v2\/posts"}],"about":[{"href":"https:\/\/infogandia.es\/index.php\/wp-json\/wp\/v2\/types\/post"}],"author":[{"embeddable":true,"href":"https:\/\/infogandia.es\/index.php\/wp-json\/wp\/v2\/users\/1"}],"replies":[{"embeddable":true,"href":"https:\/\/infogandia.es\/index.php\/wp-json\/wp\/v2\/comments?post=5903"}],"version-history":[{"count":1,"href":"https:\/\/infogandia.es\/index.php\/wp-json\/wp\/v2\/posts\/5903\/revisions"}],"predecessor-version":[{"id":5906,"href":"https:\/\/infogandia.es\/index.php\/wp-json\/wp\/v2\/posts\/5903\/revisions\/5906"}],"wp:featuredmedia":[{"embeddable":true,"href":"https:\/\/infogandia.es\/index.php\/wp-json\/wp\/v2\/media\/5905"}],"wp:attachment":[{"href":"https:\/\/infogandia.es\/index.php\/wp-json\/wp\/v2\/media?parent=5903"}],"wp:term":[{"taxonomy":"category","embeddable":true,"href":"https:\/\/infogandia.es\/index.php\/wp-json\/wp\/v2\/categories?post=5903"},{"taxonomy":"post_tag","embeddable":true,"href":"https:\/\/infogandia.es\/index.php\/wp-json\/wp\/v2\/tags?post=5903"}],"curies":[{"name":"wp","href":"https:\/\/api.w.org\/{rel}","templated":true}]}}