{"id":5945,"date":"2025-04-03T13:04:21","date_gmt":"2025-04-03T13:04:21","guid":{"rendered":"https:\/\/infogandia.es\/?p=5945"},"modified":"2025-04-03T13:04:21","modified_gmt":"2025-04-03T13:04:21","slug":"gandia-reconoce-la-labor-de-los-comerciantes-en-la-gala-de-premios-del-centro-historico","status":"publish","type":"post","link":"https:\/\/infogandia.es\/index.php\/2025\/04\/03\/gandia-reconoce-la-labor-de-los-comerciantes-en-la-gala-de-premios-del-centro-historico\/","title":{"rendered":"Gandia reconoce la labor de los comerciantes en la Gala de Premios del Centro Hist\u00f3rico"},"content":{"rendered":"\n<p>Anoche, Gandia acogi\u00f3 la Gala de Premios al Comercio del Centro Hist\u00f3rico 2025, un evento en el que se reconoci\u00f3 el esfuerzo y la dedicaci\u00f3n del comercio local en su contribuci\u00f3n al desarrollo econ\u00f3mico y social de la ciudad. La ceremonia, celebrada en Foment, reuni\u00f3 a comerciantes, la concejala de Comercio, Elena Moncho, representantes municipales, empresarios y miembros de la sociedad civil gandiense.<\/p>\n\n\n\n<p>Durante el acto, el presidente de la Asociaci\u00f3n de Comerciantes del Centro Hist\u00f3rico, Santiago Garc\u00eda, destac\u00f3 la resiliencia y la capacidad de innovaci\u00f3n del comercio en Gandia.<\/p>\n\n\n\n<p>El alcalde de Gandia, Jos\u00e9 Manuel Prieto, reafirm\u00f3 su compromiso con el sector, subrayando la importancia del comercio local y anunciando nuevas medidas de apoyo. &#8220;Hablar de las tiendas del Centro Hist\u00f3rico es hablar de vida, del d\u00eda a d\u00eda de nuestra ciudad&#8221;, afirm\u00f3 Prieto. &#8220;Gandia no ser\u00eda la gran ciudad que es sin el papel fundamental de los comerciantes. Son el alma del coraz\u00f3n de la ciudad, personas de confianza y referentes de calidad para muchas generaciones&#8221;.<\/p>\n\n\n\n<p>Prieto resalt\u00f3 que Gandia ha sido hist\u00f3ricamente un motor comercial de referencia, no solo a nivel local, sino tambi\u00e9n para las comarcas vecinas. En este sentido, enfatiz\u00f3 la necesidad de adaptar el sector a los nuevos tiempos, enfrentando retos como la digitalizaci\u00f3n, los cambios en los h\u00e1bitos de consumo y la falta de relevo generacional.<\/p>\n\n\n\n<h3 class=\"wp-block-heading\">M\u00e1s inversi\u00f3n y apoyo al comercio local<\/h3>\n\n\n\n<p>El alcalde detall\u00f3 las principales iniciativas impulsadas por el Ayuntamiento para fortalecer el comercio de proximidad. Entre ellas, destac\u00f3 el programa <em>Alcem Persianes<\/em>, que en su nueva edici\u00f3n vuelve a ofrecer subvenciones de hasta 5.000 euros para la apertura de nuevos negocios. Tambi\u00e9n anunci\u00f3 el plan <em>Renovem Comer\u00e7<\/em>, dirigido a establecimientos con m\u00e1s de cinco a\u00f1os de actividad, que podr\u00e1n recibir hasta 2.000 euros para renovar sus fachadas. &#8220;Ambos programas suponen una inversi\u00f3n inicial de 75.000 euros&#8221;, se\u00f1al\u00f3.<\/p>\n\n\n\n<p>&#8220;Somos el gobierno que m\u00e1s est\u00e1 invirtiendo en comercio local&#8221;, afirm\u00f3 Prieto, recordando que las distintas ediciones del <em>Cheque Consumo<\/em>, el <em>Cheque Cultural-Escolar<\/em> y el <em>Cheque Bici<\/em> han supuesto una inversi\u00f3n de 3,6 millones de euros. Adem\u00e1s, destac\u00f3 que el Ayuntamiento ha destinado 7 millones de euros a la dinamizaci\u00f3n comercial mediante eventos como la Fira i Festes, las Fallas, la Semana Santa, festivales musicales, la Fira del Motor y el Destapa\u2019t.<\/p>\n\n\n\n<h3 class=\"wp-block-heading\">Una ciudad adaptada al comercio del futuro<\/h3>\n\n\n\n<p>Prieto subray\u00f3 que el apoyo al comercio no se limita a las ayudas econ\u00f3micas, sino tambi\u00e9n a la mejora del entorno urbano y la promoci\u00f3n de iniciativas que incentiven las compras en el Centro Hist\u00f3rico. &#8220;Desde el Ayuntamiento estamos dando un nuevo impulso al sector comercial&#8221;, explic\u00f3, destacando acciones como la humanizaci\u00f3n del entorno del consistorio, la instalaci\u00f3n de nuevo mobiliario urbano y la reciente aprobaci\u00f3n de la Ordenanza de Convivencia, que busca mejorar la imagen de la ciudad.<\/p>\n\n\n\n<p>El alcalde tambi\u00e9n puso \u00e9nfasis en la importancia de una estrategia coordinada de eventos en toda la ciudad para atraer visitantes y dinamizar la econom\u00eda. &#8220;Seguiremos apoyando el comercio con medidas que impulsen su competitividad&#8221;, prometi\u00f3 Prieto.<\/p>\n\n\n\n<p>Adem\u00e1s, record\u00f3 otras acciones municipales, como el mantenimiento de precios bajos en los aparcamientos p\u00fablicos para facilitar las compras en el Centro Hist\u00f3rico y la puesta en marcha de espacios estrat\u00e9gicos como la ludoteca, el nuevo Mercado del Prado y la Sala dels Arcs del Ayuntamiento.<\/p>\n\n\n\n<h3 class=\"wp-block-heading\">Galardonados<\/h3>\n\n\n\n<ul class=\"wp-block-list\">\n<li><strong>Premio Renovaci\u00f3n y Nueva Imagen:<\/strong> Chelo Sampedro y Gracia Sampedro de GRACE.<\/li>\n\n\n\n<li><strong>Premio Nuevo Emprendedor:<\/strong> Tatiana Dom\u00e9nech de OLIMPIA &amp; CO.<\/li>\n\n\n\n<li><strong>Premio Crecimiento Empresarial:<\/strong> Rub\u00e9n Santos de PIZZERIA DEL POBLE.<\/li>\n\n\n\n<li><strong>Premio Relevo Generacional:<\/strong> Gema Gomar de ANTONI GOMAR DONA.<\/li>\n\n\n\n<li><strong>Premio Honor\u00edfico:<\/strong> Amparo Franc\u00e9s de CAL\u00c7ATS FRANC\u00c9S, por su trayectoria y dedicaci\u00f3n al comercio.<\/li>\n<\/ul>\n","protected":false},"excerpt":{"rendered":"<p>Anoche, Gandia acogi\u00f3 la Gala de Premios al Comercio del Centro Hist\u00f3rico 2025, un evento en el que se reconoci\u00f3 el esfuerzo y la dedicaci\u00f3n del comercio local en su contribuci\u00f3n al desarrollo econ\u00f3mico y social de la ciudad. La ceremonia, celebrada en Foment, reuni\u00f3 a comerciantes, la concejala de Comercio, Elena Moncho, representantes municipales,&#8230;<\/p>\n","protected":false},"author":1,"featured_media":5946,"comment_status":"open","ping_status":"open","sticky":false,"template":"","format":"standard","meta":{"footnotes":""},"categories":[1],"tags":[],"class_list":["post-5945","post","type-post","status-publish","format-standard","has-post-thumbnail","hentry","category-actualidad"],"_links":{"self":[{"href":"https:\/\/infogandia.es\/index.php\/wp-json\/wp\/v2\/posts\/5945","targetHints":{"allow":["GET"]}}],"collection":[{"href":"https:\/\/infogandia.es\/index.php\/wp-json\/wp\/v2\/posts"}],"about":[{"href":"https:\/\/infogandia.es\/index.php\/wp-json\/wp\/v2\/types\/post"}],"author":[{"embeddable":true,"href":"https:\/\/infogandia.es\/index.php\/wp-json\/wp\/v2\/users\/1"}],"replies":[{"embeddable":true,"href":"https:\/\/infogandia.es\/index.php\/wp-json\/wp\/v2\/comments?post=5945"}],"version-history":[{"count":1,"href":"https:\/\/infogandia.es\/index.php\/wp-json\/wp\/v2\/posts\/5945\/revisions"}],"predecessor-version":[{"id":5947,"href":"https:\/\/infogandia.es\/index.php\/wp-json\/wp\/v2\/posts\/5945\/revisions\/5947"}],"wp:featuredmedia":[{"embeddable":true,"href":"https:\/\/infogandia.es\/index.php\/wp-json\/wp\/v2\/media\/5946"}],"wp:attachment":[{"href":"https:\/\/infogandia.es\/index.php\/wp-json\/wp\/v2\/media?parent=5945"}],"wp:term":[{"taxonomy":"category","embeddable":true,"href":"https:\/\/infogandia.es\/index.php\/wp-json\/wp\/v2\/categories?post=5945"},{"taxonomy":"post_tag","embeddable":true,"href":"https:\/\/infogandia.es\/index.php\/wp-json\/wp\/v2\/tags?post=5945"}],"curies":[{"name":"wp","href":"https:\/\/api.w.org\/{rel}","templated":true}]}}