{"id":5954,"date":"2025-04-03T13:34:26","date_gmt":"2025-04-03T13:34:26","guid":{"rendered":"https:\/\/infogandia.es\/?p=5954"},"modified":"2025-04-03T13:34:27","modified_gmt":"2025-04-03T13:34:27","slug":"la-presbiacusia-una-realidad-inevitable-con-soluciones-accesibles","status":"publish","type":"post","link":"https:\/\/infogandia.es\/index.php\/2025\/04\/03\/la-presbiacusia-una-realidad-inevitable-con-soluciones-accesibles\/","title":{"rendered":"La presbiacusia: una realidad inevitable con soluciones accesibles"},"content":{"rendered":"\n<p>Un alto porcentaje de las p\u00e9rdidas auditivas en la poblaci\u00f3n est\u00e1n asociadas a la edad, una condici\u00f3n conocida como presbiacusia. Esta p\u00e9rdida de audici\u00f3n se manifiesta progresivamente y suele hacerse evidente a partir de los 50 a\u00f1os. Sin embargo, muchas personas solo buscan ayuda cuando la deficiencia auditiva interfiere significativamente en su vida diaria.<\/p>\n\n\n\n<p>Uno de los s\u00edntomas m\u00e1s comunes de la presbiacusia es la dificultad para comprender conversaciones en entornos ruidosos o la necesidad de aumentar el volumen de la televisi\u00f3n. Comentarios de familiares como &#8220;Abuelo, tienes la tele muy alta&#8221; o la incapacidad para seguir conversaciones en reuniones sociales pueden ser indicativos de un problema auditivo.<\/p>\n\n\n\n<figure class=\"wp-block-embed is-type-video is-provider-youtube wp-block-embed-youtube wp-embed-aspect-16-9 wp-has-aspect-ratio\"><div class=\"wp-block-embed__wrapper\">\n<iframe title=\"HOLA COMARCAL | VISION AUDIO (02-04-2025)\" width=\"640\" height=\"360\" src=\"https:\/\/www.youtube.com\/embed\/1nF1q9DohU4?feature=oembed\" frameborder=\"0\" allow=\"accelerometer; autoplay; clipboard-write; encrypted-media; gyroscope; picture-in-picture; web-share\" referrerpolicy=\"strict-origin-when-cross-origin\" allowfullscreen><\/iframe>\n<\/div><\/figure>\n\n\n\n<p>Los especialistas recomiendan realizar revisiones auditivas peri\u00f3dicas para detectar la p\u00e9rdida auditiva a tiempo. La audiometr\u00eda es una prueba sencilla, indolora y r\u00e1pida que permite evaluar en qu\u00e9 frecuencias se presenta la deficiencia. A partir de estos resultados, se pueden tomar decisiones sobre el uso de aud\u00edfonos, una herramienta tecnol\u00f3gica avanzada que mejora significativamente la calidad de vida de los pacientes.<\/p>\n\n\n\n<p>Los aud\u00edfonos modernos no solo amplifican el sonido, sino que lo adaptan a las necesidades espec\u00edficas de cada persona, permitiendo una mejor discriminaci\u00f3n auditiva en diferentes entornos. Adem\u00e1s, su uso contribuye a mantener la actividad neuronal, reduciendo el riesgo de enfermedades como el alzh\u00e9imer y la demencia.<\/p>\n\n\n\n<p>A pesar de los avances tecnol\u00f3gicos en aud\u00edfonos, muchas personas retrasan su uso, lo que dificulta la adaptaci\u00f3n. Cuanto antes se empiece a utilizar una ayuda auditiva, m\u00e1s f\u00e1cil ser\u00e1 la transici\u00f3n y mayor ser\u00e1 el beneficio. Adaptarse a un aud\u00edfono no es inmediato; requiere tiempo y paciencia, tanto para el usuario como para su entorno familiar.<\/p>\n\n\n\n<p>En centros especializados como Visi\u00f3n Audio, en Gand\u00eda y el Grao de Gand\u00eda, se ofrecen pruebas auditivas gratuitas y sin compromiso. Adem\u00e1s, los aud\u00edfonos pueden probarse sin costo para evaluar su efectividad en cada caso. Tambi\u00e9n existen opciones de financiaci\u00f3n flexibles para facilitar el acceso a estos dispositivos.<\/p>\n\n\n\n<p>La prevenci\u00f3n sigue siendo clave, tanto en el \u00e1mbito laboral, donde ya se exige el uso de protecci\u00f3n auditiva en entornos ruidosos, como en el uso de auriculares por parte de los j\u00f3venes. Exponer el o\u00eddo a altos niveles de volumen de manera continua puede acelerar la aparici\u00f3n de la p\u00e9rdida auditiva en edades m\u00e1s tempranas.<\/p>\n\n\n\n<p>La presbiacusia es un proceso natural, pero detectarla a tiempo y tomar medidas adecuadas puede marcar la diferencia en la calidad de vida de las personas. Realizarse una audiometr\u00eda de forma regular es el primer paso para mantener una audici\u00f3n saludable y evitar el aislamiento que muchas veces acompa\u00f1a a la p\u00e9rdida auditiva.<\/p>\n","protected":false},"excerpt":{"rendered":"<p>Un alto porcentaje de las p\u00e9rdidas auditivas en la poblaci\u00f3n est\u00e1n asociadas a la edad, una condici\u00f3n conocida como presbiacusia. Esta p\u00e9rdida de audici\u00f3n se manifiesta progresivamente y suele hacerse evidente a partir de los 50 a\u00f1os. Sin embargo, muchas personas solo buscan ayuda cuando la deficiencia auditiva interfiere significativamente en su vida diaria. Uno&#8230;<\/p>\n","protected":false},"author":1,"featured_media":5955,"comment_status":"open","ping_status":"open","sticky":false,"template":"","format":"standard","meta":{"footnotes":""},"categories":[1,27],"tags":[],"class_list":["post-5954","post","type-post","status-publish","format-standard","has-post-thumbnail","hentry","category-actualidad","category-sociedad"],"_links":{"self":[{"href":"https:\/\/infogandia.es\/index.php\/wp-json\/wp\/v2\/posts\/5954","targetHints":{"allow":["GET"]}}],"collection":[{"href":"https:\/\/infogandia.es\/index.php\/wp-json\/wp\/v2\/posts"}],"about":[{"href":"https:\/\/infogandia.es\/index.php\/wp-json\/wp\/v2\/types\/post"}],"author":[{"embeddable":true,"href":"https:\/\/infogandia.es\/index.php\/wp-json\/wp\/v2\/users\/1"}],"replies":[{"embeddable":true,"href":"https:\/\/infogandia.es\/index.php\/wp-json\/wp\/v2\/comments?post=5954"}],"version-history":[{"count":1,"href":"https:\/\/infogandia.es\/index.php\/wp-json\/wp\/v2\/posts\/5954\/revisions"}],"predecessor-version":[{"id":5956,"href":"https:\/\/infogandia.es\/index.php\/wp-json\/wp\/v2\/posts\/5954\/revisions\/5956"}],"wp:featuredmedia":[{"embeddable":true,"href":"https:\/\/infogandia.es\/index.php\/wp-json\/wp\/v2\/media\/5955"}],"wp:attachment":[{"href":"https:\/\/infogandia.es\/index.php\/wp-json\/wp\/v2\/media?parent=5954"}],"wp:term":[{"taxonomy":"category","embeddable":true,"href":"https:\/\/infogandia.es\/index.php\/wp-json\/wp\/v2\/categories?post=5954"},{"taxonomy":"post_tag","embeddable":true,"href":"https:\/\/infogandia.es\/index.php\/wp-json\/wp\/v2\/tags?post=5954"}],"curies":[{"name":"wp","href":"https:\/\/api.w.org\/{rel}","templated":true}]}}