{"id":5962,"date":"2025-04-08T07:08:09","date_gmt":"2025-04-08T07:08:09","guid":{"rendered":"https:\/\/infogandia.es\/?p=5962"},"modified":"2025-04-08T07:08:09","modified_gmt":"2025-04-08T07:08:09","slug":"gandia-da-inicio-a-la-semana-santa-con-una-multitudinaria-tamborrada-y-el-pregon-oficial","status":"publish","type":"post","link":"https:\/\/infogandia.es\/index.php\/2025\/04\/08\/gandia-da-inicio-a-la-semana-santa-con-una-multitudinaria-tamborrada-y-el-pregon-oficial\/","title":{"rendered":"Gandia da inicio a la Semana Santa con una multitudinaria tamborrada y el preg\u00f3n oficial"},"content":{"rendered":"\n<p>Gandia ha dado el pistoletazo de salida a su Semana Santa, declarada Fiesta de Inter\u00e9s Tur\u00edstico Nacional, con dos de sus actos m\u00e1s emblem\u00e1ticos. Esta ma\u00f1ana, la c\u00e9ntrica plaza de las Escuelas P\u00edas ha vibrado con la tradicional tamborrada, que ha llenado de sonido y color las calles del centro hist\u00f3rico.<\/p>\n\n\n\n<p>En el evento han participado las bandas de tambores de las hermandades de la Flagelaci\u00f3n, Santa Faz, Sant\u00edsimo Cristo de las Angustias, Cristo de la Buena Muerte, la Agrupaci\u00f3n Musical del Descendimiento y la Banda Mare de D\u00e9u Blanqueta, ofreciendo un espect\u00e1culo que ha congregado a numerosos vecinos y visitantes.<\/p>\n\n\n\n<p>A continuaci\u00f3n, se ha celebrado el tradicional preg\u00f3n en la iglesia de las Escuelas P\u00edas, que este a\u00f1o ha corrido a cargo de Amparo Estell\u00e9s, delegada episcopal de Apostolado Seglar. Su intervenci\u00f3n ha marcado el inicio oficial de las celebraciones religiosas que se desarrollar\u00e1n en los pr\u00f3ximos d\u00edas.<\/p>\n\n\n\n<p>Ambos actos han contado con la presencia del alcalde de Gandia, Jos\u00e9 Manuel Prieto; el concejal de Semana Santa, Miguel \u00c1ngel Picornell; as\u00ed como otros miembros de la corporaci\u00f3n municipal.<\/p>\n","protected":false},"excerpt":{"rendered":"<p>Gandia ha dado el pistoletazo de salida a su Semana Santa, declarada Fiesta de Inter\u00e9s Tur\u00edstico Nacional, con dos de sus actos m\u00e1s emblem\u00e1ticos. Esta ma\u00f1ana, la c\u00e9ntrica plaza de las Escuelas P\u00edas ha vibrado con la tradicional tamborrada, que ha llenado de sonido y color las calles del centro hist\u00f3rico. En el evento han&#8230;<\/p>\n","protected":false},"author":1,"featured_media":5963,"comment_status":"open","ping_status":"open","sticky":false,"template":"","format":"standard","meta":{"footnotes":""},"categories":[1,27],"tags":[],"class_list":["post-5962","post","type-post","status-publish","format-standard","has-post-thumbnail","hentry","category-actualidad","category-sociedad"],"_links":{"self":[{"href":"https:\/\/infogandia.es\/index.php\/wp-json\/wp\/v2\/posts\/5962","targetHints":{"allow":["GET"]}}],"collection":[{"href":"https:\/\/infogandia.es\/index.php\/wp-json\/wp\/v2\/posts"}],"about":[{"href":"https:\/\/infogandia.es\/index.php\/wp-json\/wp\/v2\/types\/post"}],"author":[{"embeddable":true,"href":"https:\/\/infogandia.es\/index.php\/wp-json\/wp\/v2\/users\/1"}],"replies":[{"embeddable":true,"href":"https:\/\/infogandia.es\/index.php\/wp-json\/wp\/v2\/comments?post=5962"}],"version-history":[{"count":1,"href":"https:\/\/infogandia.es\/index.php\/wp-json\/wp\/v2\/posts\/5962\/revisions"}],"predecessor-version":[{"id":5964,"href":"https:\/\/infogandia.es\/index.php\/wp-json\/wp\/v2\/posts\/5962\/revisions\/5964"}],"wp:featuredmedia":[{"embeddable":true,"href":"https:\/\/infogandia.es\/index.php\/wp-json\/wp\/v2\/media\/5963"}],"wp:attachment":[{"href":"https:\/\/infogandia.es\/index.php\/wp-json\/wp\/v2\/media?parent=5962"}],"wp:term":[{"taxonomy":"category","embeddable":true,"href":"https:\/\/infogandia.es\/index.php\/wp-json\/wp\/v2\/categories?post=5962"},{"taxonomy":"post_tag","embeddable":true,"href":"https:\/\/infogandia.es\/index.php\/wp-json\/wp\/v2\/tags?post=5962"}],"curies":[{"name":"wp","href":"https:\/\/api.w.org\/{rel}","templated":true}]}}