{"id":5979,"date":"2025-04-08T15:25:37","date_gmt":"2025-04-08T15:25:37","guid":{"rendered":"https:\/\/infogandia.es\/?p=5979"},"modified":"2025-04-08T15:25:37","modified_gmt":"2025-04-08T15:25:37","slug":"gandia-inaugura-la-xxiii-edicion-de-la-fira-de-lestudiant-en-la-plaza-del-prado","status":"publish","type":"post","link":"https:\/\/infogandia.es\/index.php\/2025\/04\/08\/gandia-inaugura-la-xxiii-edicion-de-la-fira-de-lestudiant-en-la-plaza-del-prado\/","title":{"rendered":"Gandia inaugura la XXIII edici\u00f3n de la Fira de l&#8217;Estudiant en la plaza del Prado"},"content":{"rendered":"\n<p>La plaza del Prado acoge desde hoy y hasta el pr\u00f3ximo viernes 11 de abril la XXIII edici\u00f3n de la <em>Fira de l\u2019Estudiant<\/em> de Gandia, un evento clave en la orientaci\u00f3n acad\u00e9mica y profesional de la juventud. El alcalde Jos\u00e9 Manuel Prieto, acompa\u00f1ado por la concejala de Juventud, Inma Rodr\u00edguez, y otros miembros de la corporaci\u00f3n municipal, ha visitado esta ma\u00f1ana la feria con motivo de su apertura.<\/p>\n\n\n\n<p>M\u00e1s de 2.000 estudiantes est\u00e1n previstos que pasen por esta cita educativa, en la que podr\u00e1n informarse sobre estudios universitarios, ciclos formativos, programas de movilidad internacional y oportunidades de empleo.<\/p>\n\n\n\n<p>Organizada por el Departamento de Juventud del Ayuntamiento de Gandia, en colaboraci\u00f3n con diversas instituciones y entidades educativas, la feria tiene como principal objetivo ofrecer a los j\u00f3venes las herramientas necesarias para tomar decisiones sobre su futuro formativo y profesional.<\/p>\n\n\n\n<p>\u201cLa Fira de l\u2019Estudiant es una oportunidad \u00fanica para resolver dudas vocacionales y conocer de cerca todas las alternativas educativas disponibles\u201d, han se\u00f1alado los organizadores. Durante los pr\u00f3ximos d\u00edas, el espacio se convertir\u00e1 en un punto de encuentro entre estudiantes, centros educativos y profesionales del \u00e1mbito formativo.<\/p>\n\n\n\n<p>Con esta edici\u00f3n, Gandia refuerza su compromiso con la juventud, apostando por iniciativas que fomentan la informaci\u00f3n, la orientaci\u00f3n y el acompa\u00f1amiento en un momento clave del desarrollo personal y acad\u00e9mico.<\/p>\n","protected":false},"excerpt":{"rendered":"<p>La plaza del Prado acoge desde hoy y hasta el pr\u00f3ximo viernes 11 de abril la XXIII edici\u00f3n de la Fira de l\u2019Estudiant de Gandia, un evento clave en la orientaci\u00f3n acad\u00e9mica y profesional de la juventud. El alcalde Jos\u00e9 Manuel Prieto, acompa\u00f1ado por la concejala de Juventud, Inma Rodr\u00edguez, y otros miembros de la&#8230;<\/p>\n","protected":false},"author":1,"featured_media":5976,"comment_status":"open","ping_status":"open","sticky":false,"template":"","format":"standard","meta":{"footnotes":""},"categories":[1,5],"tags":[],"class_list":["post-5979","post","type-post","status-publish","format-standard","has-post-thumbnail","hentry","category-actualidad","category-educacion"],"_links":{"self":[{"href":"https:\/\/infogandia.es\/index.php\/wp-json\/wp\/v2\/posts\/5979","targetHints":{"allow":["GET"]}}],"collection":[{"href":"https:\/\/infogandia.es\/index.php\/wp-json\/wp\/v2\/posts"}],"about":[{"href":"https:\/\/infogandia.es\/index.php\/wp-json\/wp\/v2\/types\/post"}],"author":[{"embeddable":true,"href":"https:\/\/infogandia.es\/index.php\/wp-json\/wp\/v2\/users\/1"}],"replies":[{"embeddable":true,"href":"https:\/\/infogandia.es\/index.php\/wp-json\/wp\/v2\/comments?post=5979"}],"version-history":[{"count":1,"href":"https:\/\/infogandia.es\/index.php\/wp-json\/wp\/v2\/posts\/5979\/revisions"}],"predecessor-version":[{"id":5980,"href":"https:\/\/infogandia.es\/index.php\/wp-json\/wp\/v2\/posts\/5979\/revisions\/5980"}],"wp:featuredmedia":[{"embeddable":true,"href":"https:\/\/infogandia.es\/index.php\/wp-json\/wp\/v2\/media\/5976"}],"wp:attachment":[{"href":"https:\/\/infogandia.es\/index.php\/wp-json\/wp\/v2\/media?parent=5979"}],"wp:term":[{"taxonomy":"category","embeddable":true,"href":"https:\/\/infogandia.es\/index.php\/wp-json\/wp\/v2\/categories?post=5979"},{"taxonomy":"post_tag","embeddable":true,"href":"https:\/\/infogandia.es\/index.php\/wp-json\/wp\/v2\/tags?post=5979"}],"curies":[{"name":"wp","href":"https:\/\/api.w.org\/{rel}","templated":true}]}}