{"id":5981,"date":"2025-04-08T15:33:26","date_gmt":"2025-04-08T15:33:26","guid":{"rendered":"https:\/\/infogandia.es\/?p=5981"},"modified":"2025-04-08T15:33:56","modified_gmt":"2025-04-08T15:33:56","slug":"desolacion-y-realismo-en-gandia-el-club-al-borde-del-abismo","status":"publish","type":"post","link":"https:\/\/infogandia.es\/index.php\/2025\/04\/08\/desolacion-y-realismo-en-gandia-el-club-al-borde-del-abismo\/","title":{"rendered":"Desolaci\u00f3n y Realismo en Gand\u00eda: El Club al Borde del Abismo"},"content":{"rendered":"\n<p>El ambiente en el plat\u00f3 del tertuli\u00f3n deportivo del martes no pod\u00eda ser m\u00e1s sombr\u00edo. Los \u00e1nimos entre los tertulianos reflejan una cruda realidad: el CF Gand\u00eda est\u00e1 virtualmente descendido. \u201cEsto ya no es un velatorio, es una misa de r\u00e9quiem\u201d, sentenci\u00f3 el periodista Paco Cardona, en lo que fue la frase que marc\u00f3 el tono del debate.<\/p>\n\n\n\n<figure class=\"wp-block-embed is-type-video is-provider-youtube wp-block-embed-youtube wp-embed-aspect-16-9 wp-has-aspect-ratio\"><div class=\"wp-block-embed__wrapper\">\n<iframe title=\"EL TERTULION GANDIA | Cardona no lo ve, Joan indignado (08-04-2025)\" width=\"640\" height=\"360\" src=\"https:\/\/www.youtube.com\/embed\/EaNSPaDtQDI?feature=oembed\" frameborder=\"0\" allow=\"accelerometer; autoplay; clipboard-write; encrypted-media; gyroscope; picture-in-picture; web-share\" referrerpolicy=\"strict-origin-when-cross-origin\" allowfullscreen><\/iframe>\n<\/div><\/figure>\n\n\n\n<p>Los tertulianos, entre ellos Guillermo P\u00e9rez y Joan Sigalat junto al jefe de deportes Santi Roca no se anduvieron con rodeos al analizar la situaci\u00f3n del equipo. Todos coinciden en que el descenso es cuesti\u00f3n de tiempo, y que el club ha llegado a este punto por un encadenamiento de errores que van desde una mala planificaci\u00f3n deportiva hasta una preocupante desconexi\u00f3n emocional entre plantilla, cuerpo t\u00e9cnico y afici\u00f3n.<\/p>\n\n\n\n<p><strong>El diagn\u00f3stico es claro y compartido: mala planificaci\u00f3n, malos fichajes y una gesti\u00f3n ineficaz.<\/strong> Cardona no dud\u00f3 en se\u00f1alar a Gabriel Carri\u00f3n, director deportivo, como uno de los m\u00e1ximos responsables. <em>\u201cSe ha equivocado, y no ha rectificado a tiempo. Ha seguido en sus trece prometiendo al entrenador que no lo iba a tirar, y al final, el club se va al hoyo\u201d,<\/em> afirm\u00f3.<\/p>\n\n\n\n<p><strong>Diego Mi\u00f1ana, el entrenador, tambi\u00e9n est\u00e1 en el foco<\/strong>. Se le acusa de no haber sabido sacar el rendimiento esperado a un equipo que, seg\u00fan todos los analistas, tiene ahora mejores jugadores que hace cinco meses. <strong><em>\u201cTiene mejores futbolistas, pero no hay equipo, no hay pi\u00f1a, no hay direcci\u00f3n\u201d<\/em><\/strong>, subrayar\u00f3n.<\/p>\n\n\n\n<p>La sensaci\u00f3n de pasotismo dentro del vestuario tambi\u00e9n fue tema central. \u201c<em>Si t\u00fa me dejas ser pasota, la culpa no es m\u00eda, es tuya<\/em>\u201d, apunt\u00f3 Paco, evidenciando la falta de autoridad y liderazgo del cuerpo t\u00e9cnico.<\/p>\n\n\n\n<p><strong>La afici\u00f3n ha dado la espalda.<\/strong> En el \u00faltimo partido, con el marcador 2-0 en contra, la grada se vaci\u00f3 antes del descanso. <em>\u201cLa afici\u00f3n ha dimitido\u201d<\/em>, sentencio Joan Sigalat. Solo una decena de personas se quedaron para ver el partido femenino posterior, dejando una imagen desoladora del estadio.<\/p>\n\n\n\n<p>Se evoc\u00f3 el \u00faltimo descenso del Gand\u00eda a Primera Regional, ocurrido en 2014, y muchos temen que la historia se repita. A pesar de que la situaci\u00f3n institucional actual es diferente (con pagos al d\u00eda y cierta estabilidad), el problema es deportivo y de identidad.<\/p>\n\n\n\n<p>La situaci\u00f3n es cr\u00edtica. El CF Gand\u00eda est\u00e1 tocado y, seg\u00fan muchos, hundido. Solo queda esperar el desenlace y comenzar desde ya a construir un proyecto serio y responsable que devuelva la ilusi\u00f3n a una afici\u00f3n herida y a un club con historia que no merece desaparecer en el olvido.<\/p>\n","protected":false},"excerpt":{"rendered":"<p>El ambiente en el plat\u00f3 del tertuli\u00f3n deportivo del martes no pod\u00eda ser m\u00e1s sombr\u00edo. Los \u00e1nimos entre los tertulianos reflejan una cruda realidad: el CF Gand\u00eda est\u00e1 virtualmente descendido. \u201cEsto ya no es un velatorio, es una misa de r\u00e9quiem\u201d, sentenci\u00f3 el periodista Paco Cardona, en lo que fue la frase que marc\u00f3 el&#8230;<\/p>\n","protected":false},"author":1,"featured_media":5982,"comment_status":"open","ping_status":"open","sticky":false,"template":"","format":"standard","meta":{"footnotes":""},"categories":[1,4],"tags":[],"class_list":["post-5981","post","type-post","status-publish","format-standard","has-post-thumbnail","hentry","category-actualidad","category-deporte"],"_links":{"self":[{"href":"https:\/\/infogandia.es\/index.php\/wp-json\/wp\/v2\/posts\/5981","targetHints":{"allow":["GET"]}}],"collection":[{"href":"https:\/\/infogandia.es\/index.php\/wp-json\/wp\/v2\/posts"}],"about":[{"href":"https:\/\/infogandia.es\/index.php\/wp-json\/wp\/v2\/types\/post"}],"author":[{"embeddable":true,"href":"https:\/\/infogandia.es\/index.php\/wp-json\/wp\/v2\/users\/1"}],"replies":[{"embeddable":true,"href":"https:\/\/infogandia.es\/index.php\/wp-json\/wp\/v2\/comments?post=5981"}],"version-history":[{"count":2,"href":"https:\/\/infogandia.es\/index.php\/wp-json\/wp\/v2\/posts\/5981\/revisions"}],"predecessor-version":[{"id":5984,"href":"https:\/\/infogandia.es\/index.php\/wp-json\/wp\/v2\/posts\/5981\/revisions\/5984"}],"wp:featuredmedia":[{"embeddable":true,"href":"https:\/\/infogandia.es\/index.php\/wp-json\/wp\/v2\/media\/5982"}],"wp:attachment":[{"href":"https:\/\/infogandia.es\/index.php\/wp-json\/wp\/v2\/media?parent=5981"}],"wp:term":[{"taxonomy":"category","embeddable":true,"href":"https:\/\/infogandia.es\/index.php\/wp-json\/wp\/v2\/categories?post=5981"},{"taxonomy":"post_tag","embeddable":true,"href":"https:\/\/infogandia.es\/index.php\/wp-json\/wp\/v2\/tags?post=5981"}],"curies":[{"name":"wp","href":"https:\/\/api.w.org\/{rel}","templated":true}]}}