{"id":5991,"date":"2025-04-09T15:15:53","date_gmt":"2025-04-09T15:15:53","guid":{"rendered":"https:\/\/infogandia.es\/?p=5991"},"modified":"2025-04-09T15:15:53","modified_gmt":"2025-04-09T15:15:53","slug":"el-partido-popular-de-gandia-celebra-el-impulso-de-67-nuevas-viviendas-protegidas-y-critica-la-exclusion-del-pacto-de-vivienda-local","status":"publish","type":"post","link":"https:\/\/infogandia.es\/index.php\/2025\/04\/09\/el-partido-popular-de-gandia-celebra-el-impulso-de-67-nuevas-viviendas-protegidas-y-critica-la-exclusion-del-pacto-de-vivienda-local\/","title":{"rendered":"El Partido Popular de Gandia celebra el impulso de 67 nuevas viviendas protegidas y critica la exclusi\u00f3n del pacto de vivienda local"},"content":{"rendered":"\n<p>El Grupo Municipal Popular de Gandia ha celebrado el reciente anuncio de la Generalitat Valenciana sobre la construcci\u00f3n de 67 viviendas protegidas en la ciudad, un proyecto impulsado por la Entitat Valenciana de Vivenda i S\u00f2l (EVha), con una inversi\u00f3n total de m\u00e1s de 10,5 millones de euros.<\/p>\n\n\n\n<p>El portavoz del grupo popular y secretario primero de Les Corts Valencianes, V\u00edctor Soler, ha valorado positivamente esta iniciativa que, seg\u00fan ha afirmado, &#8220;marca un punto de inflexi\u00f3n tras ocho a\u00f1os de par\u00e1lisis del gobierno socialista&#8221;. Para Soler, \u201cpasar a la acci\u00f3n en un tema tan importante como la vivienda es fundamental, y con este paso se demuestra que hay un Consell que se preocupa realmente por los gandienses\u201d.<\/p>\n\n\n\n<p>El proyecto, financiado en un 26 % (2,72 millones de euros) por los fondos europeos Next Generation EU y en un 74 % (7,79 millones de euros) por la Generalitat, responde a una necesidad acuciante de vivienda accesible en la ciudad. La concejala popular Aina Borred\u00e0 ha subrayado que esta medida \u201cbeneficiar\u00e1 especialmente a j\u00f3venes y colectivos vulnerables, que representan la Gandia real por la que trabajamos desde el Grupo Popular\u201d.<\/p>\n\n\n\n<p><strong>Cr\u00edticas por la exclusi\u00f3n en el Pacto de Vivienda<\/strong><\/p>\n\n\n\n<p>Sin embargo, desde el grupo popular tambi\u00e9n han mostrado su malestar por no haber sido invitados a participar en la mesa de di\u00e1logo sobre vivienda convocada recientemente por el alcalde socialista, Jos\u00e9 Manuel Prieto. Seg\u00fan Soler, \u201ca pesar de presentarse como un gran pacto de vivienda, el Grupo Popular no fue convocado, lo que contradice el esp\u00edritu de consenso que supuestamente se busca\u201d.<\/p>\n\n\n\n<p>Soler ha reprochado al gobierno local su falta de voluntad para escuchar a la oposici\u00f3n: \u201cQueremos formar parte activa en la b\u00fasqueda de soluciones, como ya lo hemos demostrado con iniciativas como nuestra campa\u00f1a \u2018El PP mueve ficha\u2019. No valen excusas ni pasos en falso: la ciudadan\u00eda necesita soluciones reales y r\u00e1pidas\u201d.<\/p>\n\n\n\n<p>\u201cEl alcalde no puede hablar de grandes pactos si no est\u00e1 dispuesto a escuchar todas las voces. Si considera \u2018ruido\u2019 las propuestas de otros partidos, demuestra poca voluntad de hacer pol\u00edtica \u00fatil y de representar a todos los gandienses\u201d, ha concluido.<\/p>\n","protected":false},"excerpt":{"rendered":"<p>El Grupo Municipal Popular de Gandia ha celebrado el reciente anuncio de la Generalitat Valenciana sobre la construcci\u00f3n de 67 viviendas protegidas en la ciudad, un proyecto impulsado por la Entitat Valenciana de Vivenda i S\u00f2l (EVha), con una inversi\u00f3n total de m\u00e1s de 10,5 millones de euros. El portavoz del grupo popular y secretario&#8230;<\/p>\n","protected":false},"author":1,"featured_media":5986,"comment_status":"open","ping_status":"open","sticky":false,"template":"","format":"standard","meta":{"footnotes":""},"categories":[1,3],"tags":[],"class_list":["post-5991","post","type-post","status-publish","format-standard","has-post-thumbnail","hentry","category-actualidad","category-politica"],"_links":{"self":[{"href":"https:\/\/infogandia.es\/index.php\/wp-json\/wp\/v2\/posts\/5991","targetHints":{"allow":["GET"]}}],"collection":[{"href":"https:\/\/infogandia.es\/index.php\/wp-json\/wp\/v2\/posts"}],"about":[{"href":"https:\/\/infogandia.es\/index.php\/wp-json\/wp\/v2\/types\/post"}],"author":[{"embeddable":true,"href":"https:\/\/infogandia.es\/index.php\/wp-json\/wp\/v2\/users\/1"}],"replies":[{"embeddable":true,"href":"https:\/\/infogandia.es\/index.php\/wp-json\/wp\/v2\/comments?post=5991"}],"version-history":[{"count":1,"href":"https:\/\/infogandia.es\/index.php\/wp-json\/wp\/v2\/posts\/5991\/revisions"}],"predecessor-version":[{"id":5992,"href":"https:\/\/infogandia.es\/index.php\/wp-json\/wp\/v2\/posts\/5991\/revisions\/5992"}],"wp:featuredmedia":[{"embeddable":true,"href":"https:\/\/infogandia.es\/index.php\/wp-json\/wp\/v2\/media\/5986"}],"wp:attachment":[{"href":"https:\/\/infogandia.es\/index.php\/wp-json\/wp\/v2\/media?parent=5991"}],"wp:term":[{"taxonomy":"category","embeddable":true,"href":"https:\/\/infogandia.es\/index.php\/wp-json\/wp\/v2\/categories?post=5991"},{"taxonomy":"post_tag","embeddable":true,"href":"https:\/\/infogandia.es\/index.php\/wp-json\/wp\/v2\/tags?post=5991"}],"curies":[{"name":"wp","href":"https:\/\/api.w.org\/{rel}","templated":true}]}}