{"id":5995,"date":"2025-04-09T15:25:43","date_gmt":"2025-04-09T15:25:43","guid":{"rendered":"https:\/\/infogandia.es\/?p=5995"},"modified":"2025-04-09T15:25:43","modified_gmt":"2025-04-09T15:25:43","slug":"el-teulada-suena-en-grande-de-salvarse-en-la-ultima-jornada-a-pelear-por-el-ascenso","status":"publish","type":"post","link":"https:\/\/infogandia.es\/index.php\/2025\/04\/09\/el-teulada-suena-en-grande-de-salvarse-en-la-ultima-jornada-a-pelear-por-el-ascenso\/","title":{"rendered":"El Teulada sue\u00f1a en grande: de salvarse en la \u00faltima jornada&#8230; \u00a1a pelear por el ascenso!"},"content":{"rendered":"\n<p>El f\u00fatbol regional sigue regal\u00e1ndonos historias apasionantes, y una de las m\u00e1s vibrantes se est\u00e1 escribiendo esta temporada en Teulada. El equipo, que el pasado curso luch\u00f3 hasta la \u00faltima jornada para salvar la categor\u00eda, se encuentra hoy en plena batalla por el <strong>ascenso directo a Preferente<\/strong>, tan solo a dos puntos del l\u00edder, el Simat.<\/p>\n\n\n\n<figure class=\"wp-block-embed is-type-video is-provider-youtube wp-block-embed-youtube wp-embed-aspect-16-9 wp-has-aspect-ratio\"><div class=\"wp-block-embed__wrapper\">\n<iframe title=\"EL TERTULION GANDIA | Arde la segunda Beniopa y Teulada esperan  al Daimus de Joano (09-04-2025)\" width=\"640\" height=\"360\" src=\"https:\/\/www.youtube.com\/embed\/kbQcIzDcdvM?feature=oembed\" frameborder=\"0\" allow=\"accelerometer; autoplay; clipboard-write; encrypted-media; gyroscope; picture-in-picture; web-share\" referrerpolicy=\"strict-origin-when-cross-origin\" allowfullscreen><\/iframe>\n<\/div><\/figure>\n\n\n\n<p>En una edici\u00f3n muy especial de <em>El Tertuli\u00f3n<\/em>, recibimos en el programa a tres de los protagonistas del momento: <strong>Campayo, Moreno y Am\u00edn<\/strong>, jugadores del primer equipo del Teulada. Con humildad pero con la ambici\u00f3n intacta, los tres coincidieron en una cosa: <em>&#8220;El objetivo es claro: queremos subir, y lo vamos a pelear hasta el final.&#8221;<\/em><\/p>\n\n\n\n<p>El calendario no se lo pondr\u00e1 f\u00e1cil. Les esperan salidas complicadas como la visita al Oliva y un enfrentamiento en casa contra el Alginet, que se juega el descenso. Sin embargo, el equipo est\u00e1 enchufado. La clave, dicen, ha sido <strong>una buena planificaci\u00f3n desde pretemporada<\/strong>, la llegada de fichajes de nivel y la consolidaci\u00f3n de un grupo humano que se ha convertido en <em>una verdadera familia<\/em>.<\/p>\n\n\n\n<p>Entre bromas, confesiones sinceras y an\u00e9cdotas de vestuario, los jugadores contaron c\u00f3mo han vivido esta transformaci\u00f3n. Am\u00edn, polivalente jugador que puede actuar como central, lateral o medio centro, destacaba: <em>&#8220;Somos una pi\u00f1a. Volv\u00ed al f\u00fatbol despu\u00e9s de dos a\u00f1os sin jugar gracias a Cabe y Marcos, y estoy disfrutando como un ni\u00f1o.&#8221;<\/em><\/p>\n\n\n\n<p>El papel del m\u00edster, Cabe, tambi\u00e9n fue destacado como pieza clave del proyecto: exigente pero cercano, con una idea muy clara: <em>el grupo est\u00e1 por encima de las individualidades<\/em>.<\/p>\n\n\n\n<p>Uno de los grandes nombres propios es <strong>Coco<\/strong>, delantero diferencial y m\u00e1ximo goleador del equipo. Tras superar una lesi\u00f3n de rodilla, volvi\u00f3 a lo grande anotando y liderando al equipo en los momentos clave. <em>&#8220;Es una bendici\u00f3n tenerlo en el equipo&#8221;,<\/em> aseguraban sus compa\u00f1eros.<\/p>\n\n\n\n<p>Y si algo destaca tambi\u00e9n es el respaldo de la afici\u00f3n: <em>&#8220;La gente est\u00e1 enganchada. Los ni\u00f1os van al campo, los partidos se viven con ambiente\u2026 El pueblo est\u00e1 con nosotros.&#8221;<\/em><\/p>\n\n\n\n<p>Con seis jornadas por delante y todo por decidir, la lucha por el ascenso est\u00e1 al rojo vivo. Simat, Teulada y Daim\u00fas se disputan los puestos nobles, mientras que equipos como el Benifair\u00f3 o el Gorgos todav\u00eda tienen algo que decir.<\/p>\n","protected":false},"excerpt":{"rendered":"<p>El f\u00fatbol regional sigue regal\u00e1ndonos historias apasionantes, y una de las m\u00e1s vibrantes se est\u00e1 escribiendo esta temporada en Teulada. El equipo, que el pasado curso luch\u00f3 hasta la \u00faltima jornada para salvar la categor\u00eda, se encuentra hoy en plena batalla por el ascenso directo a Preferente, tan solo a dos puntos del l\u00edder, el&#8230;<\/p>\n","protected":false},"author":1,"featured_media":5996,"comment_status":"open","ping_status":"open","sticky":false,"template":"","format":"standard","meta":{"footnotes":""},"categories":[1,4],"tags":[],"class_list":["post-5995","post","type-post","status-publish","format-standard","has-post-thumbnail","hentry","category-actualidad","category-deporte"],"_links":{"self":[{"href":"https:\/\/infogandia.es\/index.php\/wp-json\/wp\/v2\/posts\/5995","targetHints":{"allow":["GET"]}}],"collection":[{"href":"https:\/\/infogandia.es\/index.php\/wp-json\/wp\/v2\/posts"}],"about":[{"href":"https:\/\/infogandia.es\/index.php\/wp-json\/wp\/v2\/types\/post"}],"author":[{"embeddable":true,"href":"https:\/\/infogandia.es\/index.php\/wp-json\/wp\/v2\/users\/1"}],"replies":[{"embeddable":true,"href":"https:\/\/infogandia.es\/index.php\/wp-json\/wp\/v2\/comments?post=5995"}],"version-history":[{"count":1,"href":"https:\/\/infogandia.es\/index.php\/wp-json\/wp\/v2\/posts\/5995\/revisions"}],"predecessor-version":[{"id":5997,"href":"https:\/\/infogandia.es\/index.php\/wp-json\/wp\/v2\/posts\/5995\/revisions\/5997"}],"wp:featuredmedia":[{"embeddable":true,"href":"https:\/\/infogandia.es\/index.php\/wp-json\/wp\/v2\/media\/5996"}],"wp:attachment":[{"href":"https:\/\/infogandia.es\/index.php\/wp-json\/wp\/v2\/media?parent=5995"}],"wp:term":[{"taxonomy":"category","embeddable":true,"href":"https:\/\/infogandia.es\/index.php\/wp-json\/wp\/v2\/categories?post=5995"},{"taxonomy":"post_tag","embeddable":true,"href":"https:\/\/infogandia.es\/index.php\/wp-json\/wp\/v2\/tags?post=5995"}],"curies":[{"name":"wp","href":"https:\/\/api.w.org\/{rel}","templated":true}]}}