{"id":5998,"date":"2025-04-10T16:25:20","date_gmt":"2025-04-10T16:25:20","guid":{"rendered":"https:\/\/infogandia.es\/?p=5998"},"modified":"2025-04-10T16:25:20","modified_gmt":"2025-04-10T16:25:20","slug":"el-gobierno-socialista-deja-sin-trabajadoras-sociales-a-los-vecinos-del-raval","status":"publish","type":"post","link":"https:\/\/infogandia.es\/index.php\/2025\/04\/10\/el-gobierno-socialista-deja-sin-trabajadoras-sociales-a-los-vecinos-del-raval\/","title":{"rendered":"El Gobierno socialista deja sin trabajadoras sociales a los vecinos del Raval"},"content":{"rendered":"\n<p><em>Silvia Riera (PP): \u201cNo tiene sentido sacar a las trabajadoras sociales del centro social del Raval para hacer otras actividades cuando tienen la escoleta cerrada desde hace un a\u00f1o\u201d<\/em><\/p>\n\n\n\n<p>El traslado de las trabajadoras sociales del centro social del Raval ha generado una nueva pol\u00e9mica en Gandia. Aunque a\u00fan no se ha confirmado el destino exacto de las profesionales, su salida del barrio es ya un hecho, lo que ha despertado cr\u00edticas desde la oposici\u00f3n.<\/p>\n\n\n\n<p>La concejal de asuntos sociales del Grupo Popular, Silvia Riera, ha sido contundente en su valoraci\u00f3n: \u201cSe trata de una clara muestra de desatenci\u00f3n a los vecinos del Raval y a las propias trabajadoras\u201d. Riera considera que el gobierno local, liderado por el PSOE, podr\u00eda haber optado por una alternativa m\u00e1s l\u00f3gica y respetuosa con las necesidades del barrio.<\/p>\n\n\n\n<p>\u201cNo tiene sentido sacar a las trabajadoras sociales del centro social del Raval para hacer otras actividades cuando tienen la escoleta cerrada desde hace un a\u00f1o\u201d, ha declarado la edil, quien tambi\u00e9n ha planteado una alternativa: \u201c\u00bfPor qu\u00e9 no realizan esas actividades en la escoleta, en lugar de vaciar a\u00fan m\u00e1s el barrio?\u201d<\/p>\n\n\n\n<p>Riera ha acusado al ejecutivo municipal de \u201cpriorizar sus amiguismos al bienestar de los vecinos\u201d, denunciando una gesti\u00f3n que, en su opini\u00f3n, contribuye a generar \u201cbarrios de primera y barrios de segunda\u201d.<\/p>\n\n\n\n<p>Finalmente, ha subrayado que este tipo de decisiones \u201cno representan a los gandienses, sino a los intereses particulares del gobierno\u201d, y ha advertido que esta reestructuraci\u00f3n, unida al cierre de la escoleta desde hace un a\u00f1o, \u201csupone un paso m\u00e1s en el desmantelamiento del barrio y una muestra evidente de la falta de atenci\u00f3n a la Gandia real\u201d.<\/p>\n","protected":false},"excerpt":{"rendered":"<p>Silvia Riera (PP): \u201cNo tiene sentido sacar a las trabajadoras sociales del centro social del Raval para hacer otras actividades cuando tienen la escoleta cerrada desde hace un a\u00f1o\u201d El traslado de las trabajadoras sociales del centro social del Raval ha generado una nueva pol\u00e9mica en Gandia. Aunque a\u00fan no se ha confirmado el destino&#8230;<\/p>\n","protected":false},"author":1,"featured_media":6000,"comment_status":"open","ping_status":"open","sticky":false,"template":"","format":"standard","meta":{"footnotes":""},"categories":[1,3],"tags":[],"class_list":["post-5998","post","type-post","status-publish","format-standard","has-post-thumbnail","hentry","category-actualidad","category-politica"],"_links":{"self":[{"href":"https:\/\/infogandia.es\/index.php\/wp-json\/wp\/v2\/posts\/5998","targetHints":{"allow":["GET"]}}],"collection":[{"href":"https:\/\/infogandia.es\/index.php\/wp-json\/wp\/v2\/posts"}],"about":[{"href":"https:\/\/infogandia.es\/index.php\/wp-json\/wp\/v2\/types\/post"}],"author":[{"embeddable":true,"href":"https:\/\/infogandia.es\/index.php\/wp-json\/wp\/v2\/users\/1"}],"replies":[{"embeddable":true,"href":"https:\/\/infogandia.es\/index.php\/wp-json\/wp\/v2\/comments?post=5998"}],"version-history":[{"count":1,"href":"https:\/\/infogandia.es\/index.php\/wp-json\/wp\/v2\/posts\/5998\/revisions"}],"predecessor-version":[{"id":6001,"href":"https:\/\/infogandia.es\/index.php\/wp-json\/wp\/v2\/posts\/5998\/revisions\/6001"}],"wp:featuredmedia":[{"embeddable":true,"href":"https:\/\/infogandia.es\/index.php\/wp-json\/wp\/v2\/media\/6000"}],"wp:attachment":[{"href":"https:\/\/infogandia.es\/index.php\/wp-json\/wp\/v2\/media?parent=5998"}],"wp:term":[{"taxonomy":"category","embeddable":true,"href":"https:\/\/infogandia.es\/index.php\/wp-json\/wp\/v2\/categories?post=5998"},{"taxonomy":"post_tag","embeddable":true,"href":"https:\/\/infogandia.es\/index.php\/wp-json\/wp\/v2\/tags?post=5998"}],"curies":[{"name":"wp","href":"https:\/\/api.w.org\/{rel}","templated":true}]}}