{"id":6002,"date":"2025-04-10T16:27:07","date_gmt":"2025-04-10T16:27:07","guid":{"rendered":"https:\/\/infogandia.es\/?p=6002"},"modified":"2025-04-10T16:27:07","modified_gmt":"2025-04-10T16:27:07","slug":"gandia-acoge-este-fin-de-semana-la-xi-edicion-del-festival-familiar-sona-baixet","status":"publish","type":"post","link":"https:\/\/infogandia.es\/index.php\/2025\/04\/10\/gandia-acoge-este-fin-de-semana-la-xi-edicion-del-festival-familiar-sona-baixet\/","title":{"rendered":"Gandia acoge este fin de semana la XI edici\u00f3n del festival familiar Sona Baixet"},"content":{"rendered":"\n<p><em>El Teatre Raval, recientemente ecorehabilitado, se convierte en el epicentro de la cultura infantil con talleres, m\u00fasica y espect\u00e1culos para toda la familia<\/em><\/p>\n\n\n\n<p>Este fin de semana, Gandia celebra la und\u00e9cima edici\u00f3n del <strong>Sona Baixet Fest<\/strong>, un festival dirigido al p\u00fablico infantil y familiar, organizado por <strong>LaCasaCalba<\/strong> con el apoyo del Ayuntamiento. El evento tendr\u00e1 lugar en el <strong>Teatre Raval<\/strong>, que abrir\u00e1 por primera vez sus espacios renovados tras las obras de ecorehabilitaci\u00f3n.<\/p>\n\n\n\n<p>Durante los d\u00edas <strong>12 y 13 de abril<\/strong>, el festival ofrecer\u00e1 una variada programaci\u00f3n con <strong>talleres de arte y circo<\/strong>, espect\u00e1culos de <strong>clown, marionetas, teatro<\/strong>, <strong>cine de animaci\u00f3n<\/strong> y <strong>conciertos en directo<\/strong>, con artistas como <strong>Dani Miquel<\/strong>, <strong>Bufoneta<\/strong>, <strong>Proyecto Caravana<\/strong>, <strong>Teatro Reforma<\/strong> o el <strong>Profesor Karoli<\/strong>. Adem\u00e1s, si el tiempo lo permite, se instalar\u00e1 un <strong>Gastroespacio en la calle<\/strong>, a cargo de <strong>Ca Saforaui<\/strong>, con comida y m\u00fasica.<\/p>\n\n\n\n<p>La concejala de Cultura, <strong>Balbina Sendra<\/strong>, ha destacado el valor del festival como \u201cun punto de encuentro para familias locales y visitantes que apuestan por un ocio educativo y cultural\u201d. Por su parte, <strong>Isa Cogollos<\/strong>, representante del Teatre Raval, ha agradecido el respaldo institucional y ha remarcado la nueva distribuci\u00f3n de espacios gracias a la reforma.<\/p>\n\n\n\n<p>Las <strong>entradas de d\u00eda<\/strong> siguen disponibles por <strong>12 \u20ac en venta anticipada<\/strong> y <strong>16 \u20ac en taquilla<\/strong>, mientras que los <strong>menores de 0 a 3 a\u00f1os<\/strong> podr\u00e1n acceder gratuitamente.<\/p>\n","protected":false},"excerpt":{"rendered":"<p>El Teatre Raval, recientemente ecorehabilitado, se convierte en el epicentro de la cultura infantil con talleres, m\u00fasica y espect\u00e1culos para toda la familia Este fin de semana, Gandia celebra la und\u00e9cima edici\u00f3n del Sona Baixet Fest, un festival dirigido al p\u00fablico infantil y familiar, organizado por LaCasaCalba con el apoyo del Ayuntamiento. El evento tendr\u00e1&#8230;<\/p>\n","protected":false},"author":1,"featured_media":5999,"comment_status":"open","ping_status":"open","sticky":false,"template":"","format":"standard","meta":{"footnotes":""},"categories":[1],"tags":[],"class_list":["post-6002","post","type-post","status-publish","format-standard","has-post-thumbnail","hentry","category-actualidad"],"_links":{"self":[{"href":"https:\/\/infogandia.es\/index.php\/wp-json\/wp\/v2\/posts\/6002","targetHints":{"allow":["GET"]}}],"collection":[{"href":"https:\/\/infogandia.es\/index.php\/wp-json\/wp\/v2\/posts"}],"about":[{"href":"https:\/\/infogandia.es\/index.php\/wp-json\/wp\/v2\/types\/post"}],"author":[{"embeddable":true,"href":"https:\/\/infogandia.es\/index.php\/wp-json\/wp\/v2\/users\/1"}],"replies":[{"embeddable":true,"href":"https:\/\/infogandia.es\/index.php\/wp-json\/wp\/v2\/comments?post=6002"}],"version-history":[{"count":1,"href":"https:\/\/infogandia.es\/index.php\/wp-json\/wp\/v2\/posts\/6002\/revisions"}],"predecessor-version":[{"id":6004,"href":"https:\/\/infogandia.es\/index.php\/wp-json\/wp\/v2\/posts\/6002\/revisions\/6004"}],"wp:featuredmedia":[{"embeddable":true,"href":"https:\/\/infogandia.es\/index.php\/wp-json\/wp\/v2\/media\/5999"}],"wp:attachment":[{"href":"https:\/\/infogandia.es\/index.php\/wp-json\/wp\/v2\/media?parent=6002"}],"wp:term":[{"taxonomy":"category","embeddable":true,"href":"https:\/\/infogandia.es\/index.php\/wp-json\/wp\/v2\/categories?post=6002"},{"taxonomy":"post_tag","embeddable":true,"href":"https:\/\/infogandia.es\/index.php\/wp-json\/wp\/v2\/tags?post=6002"}],"curies":[{"name":"wp","href":"https:\/\/api.w.org\/{rel}","templated":true}]}}