{"id":6012,"date":"2025-04-15T10:51:41","date_gmt":"2025-04-15T10:51:41","guid":{"rendered":"https:\/\/infogandia.es\/?p=6012"},"modified":"2025-04-15T10:51:41","modified_gmt":"2025-04-15T10:51:41","slug":"la-justicia-desestima-por-segunda-vez-la-demanda-vecinal-contra-el-medusa-festival-y-ordena-pagar-las-costas","status":"publish","type":"post","link":"https:\/\/infogandia.es\/index.php\/2025\/04\/15\/la-justicia-desestima-por-segunda-vez-la-demanda-vecinal-contra-el-medusa-festival-y-ordena-pagar-las-costas\/","title":{"rendered":"La Justicia desestima por segunda vez la demanda vecinal contra el Medusa Festival y ordena pagar las costas"},"content":{"rendered":"\n<p>El Juzgado de lo Contencioso-Administrativo n\u00ba 7 de Valencia ha desestimado, por segunda vez, la demanda presentada por un reducido grupo de vecinos de Torre Espacio contra los festivales Medusa y Zevra, en Cullera. En la sentencia n\u00ba 131\/2025, la magistrada ratifica la legalidad de los eventos y ordena a los demandantes asumir \u00edntegramente las costas del proceso judicial, incluidas las pruebas periciales.<\/p>\n\n\n\n<p>Este fallo se suma al ya emitido en febrero por el Juzgado n\u00ba 4, en una resoluci\u00f3n similar, y refuerza la posici\u00f3n de los organizadores de ambos festivales. Los vecinos solicitaban una indemnizaci\u00f3n econ\u00f3mica por molestias ac\u00fasticas, as\u00ed como la anulaci\u00f3n de las licencias municipales que autorizan los eventos, reclamaciones que han sido rechazadas de forma contundente.<\/p>\n\n\n\n<h3 class=\"wp-block-heading\">Respaldo legal auton\u00f3mico<\/h3>\n\n\n\n<p>La sentencia reafirma que Medusa y Zevra, al igual que el resto de festivales musicales de la Comunidad Valenciana, est\u00e1n protegidos por la Ley auton\u00f3mica 7\/2002 de protecci\u00f3n contra la contaminaci\u00f3n ac\u00fastica, en su redacci\u00f3n modificada en 2019. Esta normativa permite a los ayuntamientos autorizar actividades culturales con niveles de sonido superiores a los habituales, siempre que se adopten medidas de mitigaci\u00f3n, como es el caso.<\/p>\n\n\n\n<p>El fallo destaca que los eventos \u201cno suponen una vulneraci\u00f3n de derechos fundamentales\u201d, ya que se desarrollan durante d\u00edas concretos, no de forma continuada, y cumplen con los requisitos legales exigidos. Tambi\u00e9n subraya que los festivales est\u00e1n debidamente anunciados con antelaci\u00f3n y forman parte de la actividad cultural reconocida por la comunidad aut\u00f3noma.<\/p>\n\n\n\n<h3 class=\"wp-block-heading\">Querella sin respaldo vecinal y sin base t\u00e9cnica<\/h3>\n\n\n\n<p>Cabe destacar que la demanda fue presentada por una minor\u00eda de vecinos, contrariando la decisi\u00f3n de la mayor\u00eda de la junta de propietarios de Torre Espacio, que vot\u00f3 en contra de iniciar acciones legales. Adem\u00e1s, la jueza considera que la querella fue interpuesta fuera de plazo, que los demandantes no acreditaron residir de forma permanente en el inmueble y que las pruebas ac\u00fasticas aportadas carecen de rigor t\u00e9cnico, al haberse realizado fuera de las viviendas y sin datos concluyentes sobre su interior.<\/p>\n\n\n\n<h3 class=\"wp-block-heading\">Apoyo mayoritario y medidas preventivas<\/h3>\n\n\n\n<p>Los organizadores de Medusa y Zevra mantienen una buena relaci\u00f3n con la comunidad vecinal, que en su mayor\u00eda apoya la celebraci\u00f3n de ambos festivales. Los escenarios situados m\u00e1s cerca de Torre Espacio solo operan seis d\u00edas al a\u00f1o y est\u00e1n orientados hacia el r\u00edo J\u00facar, en direcci\u00f3n opuesta a las viviendas. Adem\u00e1s, se han instalado barreras ac\u00fasticas y los niveles de sonido est\u00e1n constantemente monitorizados para minimizar el impacto.<\/p>\n\n\n\n<h3 class=\"wp-block-heading\">Fechas confirmadas para 2025<\/h3>\n\n\n\n<p>Sin cambios en su planificaci\u00f3n, <strong>Zevra Festival se celebrar\u00e1 del 18 al 21 de julio<\/strong>, mientras que <strong>Medusa Festival tendr\u00e1 lugar del 7 al 11 de agosto de 2025<\/strong>, consolid\u00e1ndose como eventos clave dentro de la oferta cultural y tur\u00edstica de la Comunidad Valenciana bajo el sello Mediterranew Musix.<\/p>\n\n\n\n<p><\/p>\n","protected":false},"excerpt":{"rendered":"<p>El Juzgado de lo Contencioso-Administrativo n\u00ba 7 de Valencia ha desestimado, por segunda vez, la demanda presentada por un reducido grupo de vecinos de Torre Espacio contra los festivales Medusa y Zevra, en Cullera. En la sentencia n\u00ba 131\/2025, la magistrada ratifica la legalidad de los eventos y ordena a los demandantes asumir \u00edntegramente las&#8230;<\/p>\n","protected":false},"author":1,"featured_media":6013,"comment_status":"open","ping_status":"open","sticky":false,"template":"","format":"standard","meta":{"footnotes":""},"categories":[1,27,57],"tags":[],"class_list":["post-6012","post","type-post","status-publish","format-standard","has-post-thumbnail","hentry","category-actualidad","category-sociedad","category-turismo"],"_links":{"self":[{"href":"https:\/\/infogandia.es\/index.php\/wp-json\/wp\/v2\/posts\/6012","targetHints":{"allow":["GET"]}}],"collection":[{"href":"https:\/\/infogandia.es\/index.php\/wp-json\/wp\/v2\/posts"}],"about":[{"href":"https:\/\/infogandia.es\/index.php\/wp-json\/wp\/v2\/types\/post"}],"author":[{"embeddable":true,"href":"https:\/\/infogandia.es\/index.php\/wp-json\/wp\/v2\/users\/1"}],"replies":[{"embeddable":true,"href":"https:\/\/infogandia.es\/index.php\/wp-json\/wp\/v2\/comments?post=6012"}],"version-history":[{"count":1,"href":"https:\/\/infogandia.es\/index.php\/wp-json\/wp\/v2\/posts\/6012\/revisions"}],"predecessor-version":[{"id":6014,"href":"https:\/\/infogandia.es\/index.php\/wp-json\/wp\/v2\/posts\/6012\/revisions\/6014"}],"wp:featuredmedia":[{"embeddable":true,"href":"https:\/\/infogandia.es\/index.php\/wp-json\/wp\/v2\/media\/6013"}],"wp:attachment":[{"href":"https:\/\/infogandia.es\/index.php\/wp-json\/wp\/v2\/media?parent=6012"}],"wp:term":[{"taxonomy":"category","embeddable":true,"href":"https:\/\/infogandia.es\/index.php\/wp-json\/wp\/v2\/categories?post=6012"},{"taxonomy":"post_tag","embeddable":true,"href":"https:\/\/infogandia.es\/index.php\/wp-json\/wp\/v2\/tags?post=6012"}],"curies":[{"name":"wp","href":"https:\/\/api.w.org\/{rel}","templated":true}]}}