{"id":6029,"date":"2025-04-29T08:57:24","date_gmt":"2025-04-29T08:57:24","guid":{"rendered":"https:\/\/infogandia.es\/?p=6029"},"modified":"2025-04-29T08:57:24","modified_gmt":"2025-04-29T08:57:24","slug":"mar-de-javea-se-despide-por-todo-lo-alto-tras-una-segunda-jornada-epica-con-dani-fernandez-nil-moliner-y-juan-magan","status":"publish","type":"post","link":"https:\/\/infogandia.es\/index.php\/2025\/04\/29\/mar-de-javea-se-despide-por-todo-lo-alto-tras-una-segunda-jornada-epica-con-dani-fernandez-nil-moliner-y-juan-magan\/","title":{"rendered":"Mar de J\u00e1vea se despide por todo lo alto tras una segunda jornada \u00e9pica con Dani Fern\u00e1ndez, Nil Moliner y Juan Mag\u00e1n"},"content":{"rendered":"\n<figure class=\"wp-block-table\"><table><tbody><tr><td><em>Nil Moliner, Dani Fern\u00e1ndez y \u00c1lvaro de Luna emocionaron al p\u00fablico al cantar por primera vez juntos &#8216;Luces de ciudad&#8217; en 2025.<\/em>&nbsp;<em>Con m\u00e1s de 16.000 asistentes y 18 horas de m\u00fasica en directo, la segunda edici\u00f3n de Mar de J\u00e1vea se afianza como una de las citas musicales imprescindibles del Mediterr\u00e1neo. Adem\u00e1s, el festival ya ha confirmado las fechas de su pr\u00f3xima edici\u00f3n en 2026: 3 y 4 de abril.<\/em><a href=\"https:\/\/f9wm5.r.ag.d.sendibm3.com\/mk\/cl\/f\/sh\/SMK1E8tHeFuBm0cy4PQwXjd5Izdo\/qAEi9x4qsbew\" target=\"_blank\" rel=\"noreferrer noopener\">Descarga de informaci\u00f3n y fotos<\/a><\/td><\/tr><\/tbody><\/table><\/figure>\n\n\n\n<figure class=\"wp-block-table\"><table><tbody><tr><td><strong>\u00a0J\u00e1vea\/X\u00e0bia, Alicante, 20 abril de 2025.-<\/strong>\u00a0Tras un espectacular arranque,\u00a0<strong>Mar de J\u00e1vea<\/strong>\u00a0volvi\u00f3 a brillar este s\u00e1bado en su segunda jornada con\u00a0<strong>9 horas ininterrumpidas de m\u00fasica en directo<\/strong>\u00a0y otras\u00a0<strong>8.000 personas<\/strong>\u00a0disfrutando del mejor pop nacional en el espectacular entorno del recinto\u00a0<strong>La Fontana de X\u00e0bia.<\/strong>\u00a0<strong>El encargado de abrir la tarde fue\u00a0Mateo Era\u00f1a, seguido de los directos de\u00a0Inazio\u00a0y\u00a0Malm\u00f6 040<\/strong>, que con sus sonidos frescos y aut\u00e9nticos conquistaron al p\u00fablico desde el primer momento.\u00a0<strong>La emoci\u00f3n subi\u00f3 con la llegada de\u00a0\u00c1lex Ubago<\/strong>, que hizo cantar a miles de asistentes con sus grandes \u00e9xitos y con el inconfundible carisma de\u00a0<strong>Nil Moliner<\/strong>, que\u00a0<strong>puso el recinto patas arriba con su energ\u00eda desbordante<\/strong>. Sin duda, uno de los grandes momentos de la noche fue cuando\u00a0<strong>Nil Moliner, Dani Fern\u00e1ndez y \u00c1lvaro de Luna emocionaron al p\u00fablico al cantar por primera vez juntos\u00a0<\/strong><em><strong>Luces de ciudad<\/strong><\/em><strong>\u00a0en 2025<\/strong>.<br><br><img decoding=\"async\" width=\"484\" src=\"https:\/\/ci3.googleusercontent.com\/meips\/ADKq_NYozSwMWXMXsTBdHVyCMjEMSAOHdOJK6jud1gdkRNqs53HGDi8YogQgmNvKPOOxyDY54DpRSOSRWp3uqkUTqZFTmrCOH-NnwBSij5ASFAZLUb7ugRhwzLkejqaZHXgcaDVOdK3u5N2rgklBo0e6vJ_IzA=s0-d-e1-ft#https:\/\/f9wm5.img.ag.d.sendibm3.com\/im\/sh\/YJROXalEI1Y0.jpg?u=7xwQLFBtniwQnF52fUxlv0x9kUmgOrI\"><br><br>Ya entrada la noche, lleg\u00f3 uno de los momentos m\u00e1s esperados del\u00a0<strong>Dani Fern\u00e1ndez<\/strong>,\u00a0<strong>cabeza de cartel del s\u00e1bado, ofreci\u00f3 un concierto de esos que marcan, \u00edntimo y potente a partes iguales<\/strong>, en el que no faltaron algunos de sus cl\u00e1sicos que fueron coreados por un recinto lleno hasta la bandera.<\/td><\/tr><\/tbody><\/table><\/figure>\n\n\n\n<figure class=\"wp-block-table\"><table><tbody><tr><td class=\"has-text-align-center\" data-align=\"center\"><img decoding=\"async\" src=\"https:\/\/ci3.googleusercontent.com\/meips\/ADKq_NbQKOATgQKlDcpw1SWXMdK4TqYLid_Sns4XRq1OWf0MM42QS2K1vQBONXTwH-EaJfLHjkPvFIJBOpLd0kSfTZ3QhEtx6bDmsNGgDUlPwCATcAeqI146Y2G2flv4Fv0h8wciEoqiaEL8mSPXpNEndluEMhc=s0-d-e1-ft#https:\/\/f9wm5.img.ag.d.sendibm3.com\/im\/sh\/MXbtjllgX_q2.jpeg?u=7xwQLFBtniwQnLwUoJux5ARFZnWehRY\" width=\"185\"><img decoding=\"async\" src=\"https:\/\/ci3.googleusercontent.com\/meips\/ADKq_NaFyMMaMANzkFjk02cCtelIe5-nt0IgIFEW121CMsiyHnHodVPiU8fokKFr7Inip3BADzfqSTsVvBXeqE6DX9RsKH4YTvzQok8uzpvvQnjhnNgmZqugqN-qjdNgLVn0AcqWD0FGSjyirNRP9ZrRaTgNDsM=s0-d-e1-ft#https:\/\/f9wm5.img.ag.d.sendibm3.com\/im\/sh\/j2PNMNnyR4gH.jpeg?u=7xwQLFBtniwQnSnwx8s8FJvLP6Gd01o\" width=\"185\"><img decoding=\"async\" src=\"https:\/\/ci3.googleusercontent.com\/meips\/ADKq_NZTR-eJYJZwIwZEihjEfYCEBDp93UVhgMHclJH-4nW4nZQV8xFtIHoP444qBl-RCDdVh7M8HYlpkUh8Nj_IBOg8nKvylNmFtP0jxYebv1sZtMWq8sp9EbY_kkzA9rekopV1tzLC857TS_0YidykX3DoooE=s0-d-e1-ft#https:\/\/f9wm5.img.ag.d.sendibm3.com\/im\/sh\/zZB5cT3CUy9Z.jpeg?u=7xwQLFBtniwQnZfP5xpJPTPREP0bIc4\" width=\"185\"><\/td><\/tr><\/tbody><\/table><\/figure>\n\n\n\n<figure class=\"wp-block-table\"><table><tbody><tr><td>El broche de oro lo puso\u00a0<strong>Juan Mag\u00e1n<\/strong>, que\u00a0<strong>convirti\u00f3 a Mar de J\u00e1vea en una aut\u00e9ntica fiesta con un set cargado de hits, ritmo y sabor latino<\/strong>. El p\u00fablico bail\u00f3 hasta el \u00faltimo minuto en una clausura inolvidable que cerr\u00f3 esta segunda edici\u00f3n del festival con una gran sonrisa colectiva. Adem\u00e1s,\u00a0<strong>el festival ya ha confirmado las fechas de su pr\u00f3xima edici\u00f3n en 2026: 3 y 4 de abril<\/strong>.<strong><u>Un cierre espectacular para la segunda edici\u00f3n de Mar de J\u00e1vea<\/u><\/strong>\u00a0<strong>Con m\u00e1s de\u00a016.000 asistentes\u00a0a lo largo de dos intensas jornadas y\u00a018 horas de m\u00fasica en directo, la segunda edici\u00f3n de\u00a0Mar de J\u00e1vea\u00a0ha superado todas las expectativas, consolid\u00e1ndose como una de las citas musicales m\u00e1s destacadas del litoral mediterr\u00e1neo<\/strong>. Su cuidada propuesta art\u00edstica, un entorno inigualable y una experiencia global pensada para el disfrute del p\u00fablico han convertido al festival en un aut\u00e9ntico referente para los amantes de la m\u00fasica en vivo, marcando un nuevo hito en el calendario cultural y tur\u00edstico de la Comunidad Valenciana.<br><br><img decoding=\"async\" width=\"484\" src=\"https:\/\/ci3.googleusercontent.com\/meips\/ADKq_NYluNAg67CSyfbJFr-9V5vqh_ZVHpysYw3z9UsHk_ueHmEKssSR0k63AsMMoC_vuDrzvrN73HEeP1uLP9LRZDRL0CPoN-8ikqh4__Hi8ras4xPHlkQ0nxHcdGSPQi3kXy9KanbtRUtk1K7Qf1BgusbV2Q=s0-d-e1-ft#https:\/\/f9wm5.img.ag.d.sendibm3.com\/im\/sh\/FrgvPmL08Nx6.jpg?u=7xwQLFBtniwQngWrEmmUZctX3hkZbCK\"><\/td><\/tr><\/tbody><\/table><\/figure>\n\n\n\n<figure class=\"wp-block-table\"><table><tbody><tr><td><strong><u>Motor econ\u00f3mico de la zona<\/u><\/strong>&nbsp;El \u00e9xito de Mar de J\u00e1vea no ser\u00eda posible sin el apoyo de las marcas y entidades que han contribuido a crear una experiencia \u00fanica. Durante el festival,&nbsp;<strong>las activaciones de&nbsp;Vibra Mahou&nbsp;y&nbsp;Barcel\u00f3 Imperial&nbsp;aportaron un toque exclusivo y diferenciador<\/strong>, asegurando momentos memorables para los asistentes. Adem\u00e1s, el festival ha contado con el respaldo de&nbsp;<strong>Scalpers<\/strong>, encargados de uniformar al staff, y la colaboraci\u00f3n de&nbsp;<strong>Singularu<\/strong>,<strong>&nbsp;Pepsi,&nbsp;Schweppes<\/strong>,<strong>&nbsp;Red Bull&nbsp;<\/strong>y<strong>&nbsp;Concesionario Ford<\/strong>, que sumaron valor a una propuesta cada vez m\u00e1s s\u00f3lida y cuidada. A nivel institucional,&nbsp;<strong>la Generalitat Valenciana<\/strong>,&nbsp;<strong>Mediterranew Musix<\/strong>,&nbsp;<strong>Turisme Comunitat Valenciana<\/strong>,&nbsp;<strong>el Ajuntament de X\u00e0bia<\/strong>&nbsp;y&nbsp;<strong>X\u00e0bia Turisme \u2013 Marina Alta<\/strong>&nbsp;<strong>han sido piezas clave para consolidar esta cita musical que impulsa la cultura, el turismo y la econom\u00eda local<\/strong>.<\/td><\/tr><\/tbody><\/table><\/figure>\n","protected":false},"excerpt":{"rendered":"<p>Nil Moliner, Dani Fern\u00e1ndez y \u00c1lvaro de Luna emocionaron al p\u00fablico al cantar por primera vez juntos &#8216;Luces de ciudad&#8217; en 2025.&nbsp;Con m\u00e1s de 16.000 asistentes y 18 horas de m\u00fasica en directo, la segunda edici\u00f3n de Mar de J\u00e1vea se afianza como una de las citas musicales imprescindibles del Mediterr\u00e1neo. Adem\u00e1s, el festival ya&#8230;<\/p>\n","protected":false},"author":1,"featured_media":6030,"comment_status":"open","ping_status":"open","sticky":false,"template":"","format":"standard","meta":{"footnotes":""},"categories":[1,27],"tags":[],"class_list":["post-6029","post","type-post","status-publish","format-standard","has-post-thumbnail","hentry","category-actualidad","category-sociedad"],"_links":{"self":[{"href":"https:\/\/infogandia.es\/index.php\/wp-json\/wp\/v2\/posts\/6029","targetHints":{"allow":["GET"]}}],"collection":[{"href":"https:\/\/infogandia.es\/index.php\/wp-json\/wp\/v2\/posts"}],"about":[{"href":"https:\/\/infogandia.es\/index.php\/wp-json\/wp\/v2\/types\/post"}],"author":[{"embeddable":true,"href":"https:\/\/infogandia.es\/index.php\/wp-json\/wp\/v2\/users\/1"}],"replies":[{"embeddable":true,"href":"https:\/\/infogandia.es\/index.php\/wp-json\/wp\/v2\/comments?post=6029"}],"version-history":[{"count":1,"href":"https:\/\/infogandia.es\/index.php\/wp-json\/wp\/v2\/posts\/6029\/revisions"}],"predecessor-version":[{"id":6031,"href":"https:\/\/infogandia.es\/index.php\/wp-json\/wp\/v2\/posts\/6029\/revisions\/6031"}],"wp:featuredmedia":[{"embeddable":true,"href":"https:\/\/infogandia.es\/index.php\/wp-json\/wp\/v2\/media\/6030"}],"wp:attachment":[{"href":"https:\/\/infogandia.es\/index.php\/wp-json\/wp\/v2\/media?parent=6029"}],"wp:term":[{"taxonomy":"category","embeddable":true,"href":"https:\/\/infogandia.es\/index.php\/wp-json\/wp\/v2\/categories?post=6029"},{"taxonomy":"post_tag","embeddable":true,"href":"https:\/\/infogandia.es\/index.php\/wp-json\/wp\/v2\/tags?post=6029"}],"curies":[{"name":"wp","href":"https:\/\/api.w.org\/{rel}","templated":true}]}}