{"id":6035,"date":"2025-05-05T07:39:27","date_gmt":"2025-05-05T07:39:27","guid":{"rendered":"https:\/\/infogandia.es\/?p=6035"},"modified":"2025-05-05T07:39:27","modified_gmt":"2025-05-05T07:39:27","slug":"zevra-hacia-la-descarbonizacion-un-miniparque-solar-proveera-el-15-de-la-energia-del-festival","status":"publish","type":"post","link":"https:\/\/infogandia.es\/index.php\/2025\/05\/05\/zevra-hacia-la-descarbonizacion-un-miniparque-solar-proveera-el-15-de-la-energia-del-festival\/","title":{"rendered":"Zevra, hacia la descarbonizaci\u00f3n: un miniparque\u00a0 solar proveer\u00e1 el 15% de la energ\u00eda del festival\u00a0"},"content":{"rendered":"\n<p><strong>Zevra<\/strong><strong>, el festival joven m\u00e1s multitudinario de la costa mediterr\u00e1nea<\/strong>, dar\u00e1 en su 4\u00aa edici\u00f3n (Cullera, 18-21 de&nbsp; julio) un paso adelante hacia la descarbonizaci\u00f3n con la puesta en marcha de un miniparque solar que le pro veer\u00e1 de aproximadamente un 15% de su consumo el\u00e9ctrico. La organizaci\u00f3n ha probado progresivamente la&nbsp; electricidad fotovoltaica desde su creaci\u00f3n, en 2022, y los excelentes resultados le han impulsado a <strong>incremen tar su apuesta por las fuentes energ\u00e9ticas sostenibles<\/strong>.&nbsp;<\/p>\n\n\n\n<p>El miniparque de energ\u00eda solar de Zevra est\u00e1 instalado sobre las estructura exterior de la zona conocida como&nbsp; <em>beach club<\/em>. Consta de 200 metros cuadrados de paneles, <strong>tiene una potencia de 30 kW <\/strong>y produce electricidad&nbsp; suficiente para abastecer de electricidad a la zona de oficinas, producci\u00f3n t\u00e9cnica, seguridad y almac\u00e9n durante&nbsp; todo el a\u00f1o. Las placas est\u00e1n orientadas al Sur, hacia el R\u00edo J\u00facar, y en julio reciben cerca de 15 horas diarias de&nbsp; irradiaci\u00f3n y la Hora Solar Pico (HSP) equivale a <strong>7,4 horas de con una intensidad constante de 1000 W\/m\u00b2<\/strong>.&nbsp;&nbsp;<\/p>\n\n\n\n<p>El sue\u00f1o de los organizadores de Zevra es llegar a <strong>funcionar al 100% con energ\u00eda verde y generada localment<\/strong>e.&nbsp; <em>&#8220;Estamos convencidos de que nuestro deber es buscar soluciones para la ecologizaci\u00f3n de nuestros festivales y&nbsp; a\u00f1o tras a\u00f1o hacemos esfuerzos para ser m\u00e1s sostenibles&#8221;<\/em>, explica Andreu Piqueras, CEO de la compa\u00f1\u00eda pro motora valenciana.&nbsp;<\/p>\n\n\n\n<p>Sin embargo, una gran parte de <strong>las emisiones de CO2 todav\u00eda proviene de generadores di\u00e9sel <\/strong>que generan\u00a0 electricidad. <em>\u201cQueremos hacer algo al respecto y estamos trabajando para progresar en el uso de combustibles\u00a0 renovables, el autoconsumo y la econom\u00eda circular a fin de reducir nuestra huella de carbono\u201d<\/em>, ha agregado.\u00a0<\/p>\n\n\n\n<figure class=\"wp-block-image size-large\"><img fetchpriority=\"high\" decoding=\"async\" width=\"1024\" height=\"683\" src=\"http:\/\/infogandia.es\/wp-content\/uploads\/2025\/05\/instalacion_paneles_solares-1024x683.jpg\" alt=\"\" class=\"wp-image-6036\" srcset=\"https:\/\/infogandia.es\/wp-content\/uploads\/2025\/05\/instalacion_paneles_solares-1024x683.jpg 1024w, https:\/\/infogandia.es\/wp-content\/uploads\/2025\/05\/instalacion_paneles_solares-300x200.jpg 300w, https:\/\/infogandia.es\/wp-content\/uploads\/2025\/05\/instalacion_paneles_solares-768x512.jpg 768w, https:\/\/infogandia.es\/wp-content\/uploads\/2025\/05\/instalacion_paneles_solares-1536x1025.jpg 1536w, https:\/\/infogandia.es\/wp-content\/uploads\/2025\/05\/instalacion_paneles_solares-600x400.jpg 600w, https:\/\/infogandia.es\/wp-content\/uploads\/2025\/05\/instalacion_paneles_solares.jpg 1920w\" sizes=\"(max-width: 1024px) 100vw, 1024px\" \/><\/figure>\n\n\n\n<p><strong>Fans de la sostenibilidad&nbsp;<\/strong><\/p>\n\n\n\n<p>Piqueras ha declarado: \u201c<em>Por edad y perfil sociodemogr\u00e1fico, el fan de Zevra est\u00e1 muy comprometido con la ge neraci\u00f3n de un <\/em><strong><em>impacto positivo mientras disfruta de la m\u00fasica al aire libre <\/em><\/strong><em>y explora nuevas experiencias so ciales y culturales. Queremos demostrar que se puede realizar un evento de esta escala, con 150.000 asistentes&nbsp; en 3 d\u00edas de conciertos, reduciendo al m\u00e1ximo el impacto en el medio ambiente\u201d<\/em>.&nbsp;<\/p>\n\n\n\n<p>En ese sentido, Zevra colabora con la entidad Ecoembes para la reducci\u00f3n de los residuos y la recuperaci\u00f3n <strong>se lectiva de envases <\/strong>de pl\u00e1stico, metal, briks y papel y cart\u00f3n para dotarlos de una segunda vida.&nbsp;<\/p>\n\n\n\n<p>Este verano, pasar\u00e1n por los escenarios de Zevra grandes figuras del reggaet\u00f3n, el R&amp;B, el pop y la m\u00fasica elec tr\u00f3nica. Son cabezas de cartel <strong>Estopa<\/strong>, el cantante americano <strong>Jason Derulo <\/strong>y la superestrella latina <strong>Jhayco<\/strong>, jun to a los latinos <strong>Duki, Arc\u00e1ngel, Justin Quiles, Dei V, Omar Courtz <\/strong>y <strong>Alleh &amp; Yorghaki<\/strong>.&nbsp;&nbsp;<\/p>\n","protected":false},"excerpt":{"rendered":"<p>Zevra, el festival joven m\u00e1s multitudinario de la costa mediterr\u00e1nea, dar\u00e1 en su 4\u00aa edici\u00f3n (Cullera, 18-21 de&nbsp; julio) un paso adelante hacia la descarbonizaci\u00f3n con la puesta en marcha de un miniparque solar que le pro veer\u00e1 de aproximadamente un 15% de su consumo el\u00e9ctrico. La organizaci\u00f3n ha probado progresivamente la&nbsp; electricidad fotovoltaica desde&#8230;<\/p>\n","protected":false},"author":1,"featured_media":6037,"comment_status":"open","ping_status":"open","sticky":false,"template":"","format":"standard","meta":{"footnotes":""},"categories":[1,27],"tags":[],"class_list":["post-6035","post","type-post","status-publish","format-standard","has-post-thumbnail","hentry","category-actualidad","category-sociedad"],"_links":{"self":[{"href":"https:\/\/infogandia.es\/index.php\/wp-json\/wp\/v2\/posts\/6035","targetHints":{"allow":["GET"]}}],"collection":[{"href":"https:\/\/infogandia.es\/index.php\/wp-json\/wp\/v2\/posts"}],"about":[{"href":"https:\/\/infogandia.es\/index.php\/wp-json\/wp\/v2\/types\/post"}],"author":[{"embeddable":true,"href":"https:\/\/infogandia.es\/index.php\/wp-json\/wp\/v2\/users\/1"}],"replies":[{"embeddable":true,"href":"https:\/\/infogandia.es\/index.php\/wp-json\/wp\/v2\/comments?post=6035"}],"version-history":[{"count":1,"href":"https:\/\/infogandia.es\/index.php\/wp-json\/wp\/v2\/posts\/6035\/revisions"}],"predecessor-version":[{"id":6038,"href":"https:\/\/infogandia.es\/index.php\/wp-json\/wp\/v2\/posts\/6035\/revisions\/6038"}],"wp:featuredmedia":[{"embeddable":true,"href":"https:\/\/infogandia.es\/index.php\/wp-json\/wp\/v2\/media\/6037"}],"wp:attachment":[{"href":"https:\/\/infogandia.es\/index.php\/wp-json\/wp\/v2\/media?parent=6035"}],"wp:term":[{"taxonomy":"category","embeddable":true,"href":"https:\/\/infogandia.es\/index.php\/wp-json\/wp\/v2\/categories?post=6035"},{"taxonomy":"post_tag","embeddable":true,"href":"https:\/\/infogandia.es\/index.php\/wp-json\/wp\/v2\/tags?post=6035"}],"curies":[{"name":"wp","href":"https:\/\/api.w.org\/{rel}","templated":true}]}}