{"id":6051,"date":"2025-05-05T09:43:09","date_gmt":"2025-05-05T09:43:09","guid":{"rendered":"https:\/\/infogandia.es\/?p=6051"},"modified":"2025-05-05T09:43:09","modified_gmt":"2025-05-05T09:43:09","slug":"gandia-da-un-paso-decisivo-hacia-la-construccion-de-67-viviendas-de-alquiler-asequible","status":"publish","type":"post","link":"https:\/\/infogandia.es\/index.php\/2025\/05\/05\/gandia-da-un-paso-decisivo-hacia-la-construccion-de-67-viviendas-de-alquiler-asequible\/","title":{"rendered":"Gandia da un paso decisivo hacia la construcci\u00f3n de 67 viviendas de alquiler asequible"},"content":{"rendered":"\n<p>La ciudad de Gandia contin\u00faa avanzando hacia la creaci\u00f3n de nuevas soluciones habitacionales con la pr\u00f3xima construcci\u00f3n de 67 viviendas de alquiler asequible. El proyecto, promovido por la Entidad Valenciana de Vivienda y Suelo (EVha), ha recibido un total de 14 ofertas de empresas constructoras y cuenta con un presupuesto de licitaci\u00f3n de 10,5 millones de euros.<\/p>\n\n\n\n<p>Las viviendas se levantar\u00e1n sobre una parcela en esquina ubicada en la confluencia de las calles Montd\u00faver y Gabriel Mir\u00f3, frente al Palacio de Justicia, un enclave estrat\u00e9gico que facilitar\u00e1 el acceso a servicios esenciales.<\/p>\n\n\n\n<p>Desde el Grupo Municipal Popular, su portavoz, V\u00edctor Soler, ha destacado este avance como un \u201c\u00e9xito rotundo\u201d y una muestra del compromiso del actual Consell con las necesidades reales de la ciudadan\u00eda. \u201cTras ocho a\u00f1os de inacci\u00f3n del anterior gobierno socialista, este nuevo ejecutivo act\u00faa con hechos para dar respuesta al problema m\u00e1s urgente de nuestra ciudad: el acceso a la vivienda\u201d, ha declarado Soler.<\/p>\n\n\n\n<p>El dirigente popular tambi\u00e9n ha subrayado la relevancia del respaldo recibido por parte del sector privado, lo que, en su opini\u00f3n, demuestra la viabilidad y el atractivo del proyecto impulsado por el Consell.<\/p>\n","protected":false},"excerpt":{"rendered":"<p>La ciudad de Gandia contin\u00faa avanzando hacia la creaci\u00f3n de nuevas soluciones habitacionales con la pr\u00f3xima construcci\u00f3n de 67 viviendas de alquiler asequible. El proyecto, promovido por la Entidad Valenciana de Vivienda y Suelo (EVha), ha recibido un total de 14 ofertas de empresas constructoras y cuenta con un presupuesto de licitaci\u00f3n de 10,5 millones&#8230;<\/p>\n","protected":false},"author":1,"featured_media":6049,"comment_status":"open","ping_status":"open","sticky":false,"template":"","format":"standard","meta":{"footnotes":""},"categories":[1,3,27],"tags":[],"class_list":["post-6051","post","type-post","status-publish","format-standard","has-post-thumbnail","hentry","category-actualidad","category-politica","category-sociedad"],"_links":{"self":[{"href":"https:\/\/infogandia.es\/index.php\/wp-json\/wp\/v2\/posts\/6051","targetHints":{"allow":["GET"]}}],"collection":[{"href":"https:\/\/infogandia.es\/index.php\/wp-json\/wp\/v2\/posts"}],"about":[{"href":"https:\/\/infogandia.es\/index.php\/wp-json\/wp\/v2\/types\/post"}],"author":[{"embeddable":true,"href":"https:\/\/infogandia.es\/index.php\/wp-json\/wp\/v2\/users\/1"}],"replies":[{"embeddable":true,"href":"https:\/\/infogandia.es\/index.php\/wp-json\/wp\/v2\/comments?post=6051"}],"version-history":[{"count":1,"href":"https:\/\/infogandia.es\/index.php\/wp-json\/wp\/v2\/posts\/6051\/revisions"}],"predecessor-version":[{"id":6052,"href":"https:\/\/infogandia.es\/index.php\/wp-json\/wp\/v2\/posts\/6051\/revisions\/6052"}],"wp:featuredmedia":[{"embeddable":true,"href":"https:\/\/infogandia.es\/index.php\/wp-json\/wp\/v2\/media\/6049"}],"wp:attachment":[{"href":"https:\/\/infogandia.es\/index.php\/wp-json\/wp\/v2\/media?parent=6051"}],"wp:term":[{"taxonomy":"category","embeddable":true,"href":"https:\/\/infogandia.es\/index.php\/wp-json\/wp\/v2\/categories?post=6051"},{"taxonomy":"post_tag","embeddable":true,"href":"https:\/\/infogandia.es\/index.php\/wp-json\/wp\/v2\/tags?post=6051"}],"curies":[{"name":"wp","href":"https:\/\/api.w.org\/{rel}","templated":true}]}}