{"id":6062,"date":"2025-05-08T09:31:32","date_gmt":"2025-05-08T09:31:32","guid":{"rendered":"https:\/\/infogandia.es\/?p=6062"},"modified":"2025-05-08T09:31:32","modified_gmt":"2025-05-08T09:31:32","slug":"gandia-celebra-a-su-patrona-la-mare-de-deu-dels-desamparats-en-un-ano-jubilar-especial","status":"publish","type":"post","link":"https:\/\/infogandia.es\/index.php\/2025\/05\/08\/gandia-celebra-a-su-patrona-la-mare-de-deu-dels-desamparats-en-un-ano-jubilar-especial\/","title":{"rendered":"Gandia celebra a su patrona, la Mare de D\u00e9u dels Desamparats, en un a\u00f1o jubilar especial"},"content":{"rendered":"\n<p>La ciudad de Gandia se prepara para vivir este fin de semana uno de sus actos religiosos m\u00e1s emblem\u00e1ticos con la celebraci\u00f3n en honor a su patrona, <strong>la Mare de D\u00e9u dels Desamparats<\/strong>, una festividad que este a\u00f1o cobra un significado especial al coincidir con el <strong>A\u00f1o Jubilar 2025<\/strong>.<\/p>\n\n\n\n<p>La <strong>Insigne Colegiata de Gandia<\/strong> est\u00e1 acogiendo desde hace d\u00edas el tradicional <strong>Novenario<\/strong>, como preparaci\u00f3n espiritual a la fiesta, que se celebra cada <strong>segundo domingo de mayo<\/strong>. En los \u00faltimos a\u00f1os, esta cita ha experimentado un notable crecimiento en participaci\u00f3n, especialmente en la <strong>Misa de Pontifical<\/strong>, gracias al impulso de la <strong>Asociaci\u00f3n de la Mare de D\u00e9u dels Desamparats<\/strong> y su labor constante.<\/p>\n\n\n\n<figure class=\"wp-block-image size-large\"><img fetchpriority=\"high\" decoding=\"async\" width=\"1024\" height=\"769\" src=\"http:\/\/infogandia.es\/wp-content\/uploads\/2025\/05\/DSC03360-1024x769.jpg\" alt=\"\" class=\"wp-image-6063\" srcset=\"https:\/\/infogandia.es\/wp-content\/uploads\/2025\/05\/DSC03360-1024x769.jpg 1024w, https:\/\/infogandia.es\/wp-content\/uploads\/2025\/05\/DSC03360-300x225.jpg 300w, https:\/\/infogandia.es\/wp-content\/uploads\/2025\/05\/DSC03360-768x577.jpg 768w, https:\/\/infogandia.es\/wp-content\/uploads\/2025\/05\/DSC03360-1536x1154.jpg 1536w, https:\/\/infogandia.es\/wp-content\/uploads\/2025\/05\/DSC03360.jpg 2048w\" sizes=\"(max-width: 1024px) 100vw, 1024px\" \/><\/figure>\n\n\n\n<p>Los actos centrales tendr\u00e1n lugar el <strong>domingo 11 de mayo<\/strong>, cuando la Colegiata se engalanar\u00e1 para recibir a los fieles. La jornada comenzar\u00e1 a las <strong>7:15h con el Rosario de la Aurora<\/strong>, continuar\u00e1 a las <strong>11:30h con la solemne Misa de Pontifical presidida por el Abad de Gandia<\/strong>, y culminar\u00e1 a las <strong>20:00h con la tradicional procesi\u00f3n<\/strong> por el recorrido habitual.<\/p>\n\n\n\n<p>La <strong>v\u00edspera<\/strong>, el <strong>s\u00e1bado 10 de mayo<\/strong>, los actos lit\u00fargicos y festivos se han visto modificados debido a la coincidencia con la <strong>Feria del Motor<\/strong>. As\u00ed, la <strong>ofrenda infantil<\/strong> y la <strong>imposici\u00f3n de medallas<\/strong> a los nuevos miembros de la asociaci\u00f3n se celebrar\u00e1n a las <strong>17:30h<\/strong>, seguidos del canto de la <strong>Salve<\/strong> a las <strong>19:00h<\/strong> y la <strong>Misa vespertina<\/strong> a las <strong>19:30h<\/strong>. Finalizada la eucarist\u00eda, y este a\u00f1o de forma especial en la <strong>Puerta de los Ap\u00f3stoles<\/strong>, se realizar\u00e1 la tradicional <strong>Ronda a la Mare de D\u00e9u<\/strong>, con cantos, bailes y poes\u00edas dedicadas a la Patrona.<\/p>\n\n\n\n<p>En el marco del <strong>A\u00f1o Jubilar<\/strong>, los asistentes podr\u00e1n obtener <strong>Indulgencia Plenaria<\/strong>, un aliciente a\u00f1adido para los devotos. A pesar de que el <strong>campanario ha quedado al descubierto tras la retirada de los andamios<\/strong>, las campanas no podr\u00e1n sonar a\u00fan debido a que las obras interiores no han concluido.<\/p>\n\n\n\n<figure class=\"wp-block-image size-large\"><img decoding=\"async\" width=\"1024\" height=\"769\" src=\"http:\/\/infogandia.es\/wp-content\/uploads\/2025\/05\/DSC03362-1024x769.jpg\" alt=\"\" class=\"wp-image-6064\" srcset=\"https:\/\/infogandia.es\/wp-content\/uploads\/2025\/05\/DSC03362-1024x769.jpg 1024w, https:\/\/infogandia.es\/wp-content\/uploads\/2025\/05\/DSC03362-300x225.jpg 300w, https:\/\/infogandia.es\/wp-content\/uploads\/2025\/05\/DSC03362-768x577.jpg 768w, https:\/\/infogandia.es\/wp-content\/uploads\/2025\/05\/DSC03362-1536x1154.jpg 1536w, https:\/\/infogandia.es\/wp-content\/uploads\/2025\/05\/DSC03362.jpg 2048w\" sizes=\"(max-width: 1024px) 100vw, 1024px\" \/><\/figure>\n\n\n\n<p>La organizaci\u00f3n de los actos ha corrido a cargo de la Asociaci\u00f3n de la Mare de D\u00e9u dels Desamparats y el Cabildo Colegial, que han cursado invitaci\u00f3n a las <strong>autoridades municipales<\/strong>, as\u00ed como a las principales asociaciones locales, como las <strong>Fallas<\/strong> o la <strong>Semana Santa<\/strong>. La Asociaci\u00f3n ha querido agradecer p\u00fablicamente la colaboraci\u00f3n de todos los voluntarios que hacen posible cada detalle de esta celebraci\u00f3n tan arraigada en el coraz\u00f3n de Gandia.<\/p>\n","protected":false},"excerpt":{"rendered":"<p>La ciudad de Gandia se prepara para vivir este fin de semana uno de sus actos religiosos m\u00e1s emblem\u00e1ticos con la celebraci\u00f3n en honor a su patrona, la Mare de D\u00e9u dels Desamparats, una festividad que este a\u00f1o cobra un significado especial al coincidir con el A\u00f1o Jubilar 2025. La Insigne Colegiata de Gandia est\u00e1&#8230;<\/p>\n","protected":false},"author":1,"featured_media":6063,"comment_status":"open","ping_status":"open","sticky":false,"template":"","format":"standard","meta":{"footnotes":""},"categories":[1,27],"tags":[],"class_list":["post-6062","post","type-post","status-publish","format-standard","has-post-thumbnail","hentry","category-actualidad","category-sociedad"],"_links":{"self":[{"href":"https:\/\/infogandia.es\/index.php\/wp-json\/wp\/v2\/posts\/6062","targetHints":{"allow":["GET"]}}],"collection":[{"href":"https:\/\/infogandia.es\/index.php\/wp-json\/wp\/v2\/posts"}],"about":[{"href":"https:\/\/infogandia.es\/index.php\/wp-json\/wp\/v2\/types\/post"}],"author":[{"embeddable":true,"href":"https:\/\/infogandia.es\/index.php\/wp-json\/wp\/v2\/users\/1"}],"replies":[{"embeddable":true,"href":"https:\/\/infogandia.es\/index.php\/wp-json\/wp\/v2\/comments?post=6062"}],"version-history":[{"count":1,"href":"https:\/\/infogandia.es\/index.php\/wp-json\/wp\/v2\/posts\/6062\/revisions"}],"predecessor-version":[{"id":6066,"href":"https:\/\/infogandia.es\/index.php\/wp-json\/wp\/v2\/posts\/6062\/revisions\/6066"}],"wp:featuredmedia":[{"embeddable":true,"href":"https:\/\/infogandia.es\/index.php\/wp-json\/wp\/v2\/media\/6063"}],"wp:attachment":[{"href":"https:\/\/infogandia.es\/index.php\/wp-json\/wp\/v2\/media?parent=6062"}],"wp:term":[{"taxonomy":"category","embeddable":true,"href":"https:\/\/infogandia.es\/index.php\/wp-json\/wp\/v2\/categories?post=6062"},{"taxonomy":"post_tag","embeddable":true,"href":"https:\/\/infogandia.es\/index.php\/wp-json\/wp\/v2\/tags?post=6062"}],"curies":[{"name":"wp","href":"https:\/\/api.w.org\/{rel}","templated":true}]}}