{"id":6070,"date":"2025-05-08T09:41:59","date_gmt":"2025-05-08T09:41:59","guid":{"rendered":"https:\/\/infogandia.es\/?p=6070"},"modified":"2025-05-08T09:42:22","modified_gmt":"2025-05-08T09:42:22","slug":"gandia-renueva-la-bandera-azul-para-la-playa-nord-por-39o-ano-consecutivo-y-consolida-la-excelencia-de-lauir","status":"publish","type":"post","link":"https:\/\/infogandia.es\/index.php\/2025\/05\/08\/gandia-renueva-la-bandera-azul-para-la-playa-nord-por-39o-ano-consecutivo-y-consolida-la-excelencia-de-lauir\/","title":{"rendered":"Gandia renueva la Bandera Azul para la playa Nord por 39\u00ba a\u00f1o consecutivo y consolida la excelencia de l\u2019Auir"},"content":{"rendered":"\n<p>Gandia vuelve a destacar en el panorama tur\u00edstico nacional con la <strong>renovaci\u00f3n de la Bandera Azul para la playa Nord<\/strong>, que <strong>la recibe por 39\u00ba a\u00f1o consecutivo<\/strong>, siendo <strong>la \u00fanica en la provincia de Valencia<\/strong> que ha mantenido este distintivo desde sus inicios. Adem\u00e1s, la <strong>playa de l\u2019Auir<\/strong> afianza su posici\u00f3n entre las m\u00e1s destacadas del pa\u00eds al obtener la Bandera Azul <strong>por cuarto a\u00f1o consecutivo<\/strong>.<\/p>\n\n\n\n<p>As\u00ed lo ha anunciado la <strong>Asociaci\u00f3n de Educaci\u00f3n Ambiental y del Consumidor (ADEAC)<\/strong>, responsable de conceder estos galardones, que reconocen la calidad ambiental, los servicios, la accesibilidad y la seguridad de los destinos de playa. Adem\u00e1s, Gandia suma otro motivo de orgullo con la concesi\u00f3n del distintivo <strong>Centro Bandera Azul al Aula Natura del Marjal<\/strong>, que se suma al t\u00edtulo de <strong>Sendero Azul<\/strong>, logrado el pasado mes de febrero.<\/p>\n\n\n\n<p>El <strong>alcalde de Gandia, Jos\u00e9 Manuel Prieto<\/strong>, ha mostrado su satisfacci\u00f3n al conocer la noticia, destacando que estos reconocimientos son fruto de una clara apuesta por la excelencia tur\u00edstica. \u201cGandia se ha convertido en una de las playas favoritas de Espa\u00f1a, y lo hemos conseguido junto a un sector tur\u00edstico implicado y comprometido con la calidad\u201d, afirm\u00f3. Prieto subray\u00f3 tambi\u00e9n el esfuerzo continuo por mantener la playa en perfecto estado \u201clos 365 d\u00edas del a\u00f1o\u201d, y record\u00f3 que Gandia ofrece servicios en su litoral durante m\u00e1s meses que la mayor\u00eda de destinos.<\/p>\n\n\n\n<p>Por su parte, la <strong>concejal de Turismo y Playas, Balbina Sendra<\/strong>, ha puesto en valor los excelentes datos de ocupaci\u00f3n que est\u00e1 registrando la ciudad, con cifras superiores al <strong>90% en hoteles y campings<\/strong> en periodos clave como el puente de mayo. Tambi\u00e9n destac\u00f3 el trabajo anual para cumplir con los exigentes est\u00e1ndares de ADEAC y la labor de promoci\u00f3n tur\u00edstica en ferias nacionales e internacionales para atraer nuevos p\u00fablicos.<\/p>\n\n\n\n<p>Con estas distinciones, Gandia no solo revalida su compromiso con el medio ambiente y la calidad tur\u00edstica, sino que se consolida como uno de los <strong>referentes costeros del Mediterr\u00e1neo espa\u00f1ol<\/strong>.<\/p>\n","protected":false},"excerpt":{"rendered":"<p>Gandia vuelve a destacar en el panorama tur\u00edstico nacional con la renovaci\u00f3n de la Bandera Azul para la playa Nord, que la recibe por 39\u00ba a\u00f1o consecutivo, siendo la \u00fanica en la provincia de Valencia que ha mantenido este distintivo desde sus inicios. Adem\u00e1s, la playa de l\u2019Auir afianza su posici\u00f3n entre las m\u00e1s destacadas&#8230;<\/p>\n","protected":false},"author":1,"featured_media":6071,"comment_status":"open","ping_status":"open","sticky":false,"template":"","format":"standard","meta":{"footnotes":""},"categories":[1,57],"tags":[],"class_list":["post-6070","post","type-post","status-publish","format-standard","has-post-thumbnail","hentry","category-actualidad","category-turismo"],"_links":{"self":[{"href":"https:\/\/infogandia.es\/index.php\/wp-json\/wp\/v2\/posts\/6070","targetHints":{"allow":["GET"]}}],"collection":[{"href":"https:\/\/infogandia.es\/index.php\/wp-json\/wp\/v2\/posts"}],"about":[{"href":"https:\/\/infogandia.es\/index.php\/wp-json\/wp\/v2\/types\/post"}],"author":[{"embeddable":true,"href":"https:\/\/infogandia.es\/index.php\/wp-json\/wp\/v2\/users\/1"}],"replies":[{"embeddable":true,"href":"https:\/\/infogandia.es\/index.php\/wp-json\/wp\/v2\/comments?post=6070"}],"version-history":[{"count":1,"href":"https:\/\/infogandia.es\/index.php\/wp-json\/wp\/v2\/posts\/6070\/revisions"}],"predecessor-version":[{"id":6072,"href":"https:\/\/infogandia.es\/index.php\/wp-json\/wp\/v2\/posts\/6070\/revisions\/6072"}],"wp:featuredmedia":[{"embeddable":true,"href":"https:\/\/infogandia.es\/index.php\/wp-json\/wp\/v2\/media\/6071"}],"wp:attachment":[{"href":"https:\/\/infogandia.es\/index.php\/wp-json\/wp\/v2\/media?parent=6070"}],"wp:term":[{"taxonomy":"category","embeddable":true,"href":"https:\/\/infogandia.es\/index.php\/wp-json\/wp\/v2\/categories?post=6070"},{"taxonomy":"post_tag","embeddable":true,"href":"https:\/\/infogandia.es\/index.php\/wp-json\/wp\/v2\/tags?post=6070"}],"curies":[{"name":"wp","href":"https:\/\/api.w.org\/{rel}","templated":true}]}}