{"id":6073,"date":"2025-05-08T09:42:48","date_gmt":"2025-05-08T09:42:48","guid":{"rendered":"https:\/\/infogandia.es\/?p=6073"},"modified":"2025-05-08T09:42:50","modified_gmt":"2025-05-08T09:42:50","slug":"gandia-lanza-el-proyecto-cove-2025-para-reforzar-la-convivencia-y-la-seguridad-ciudadana","status":"publish","type":"post","link":"https:\/\/infogandia.es\/index.php\/2025\/05\/08\/gandia-lanza-el-proyecto-cove-2025-para-reforzar-la-convivencia-y-la-seguridad-ciudadana\/","title":{"rendered":"Gandia lanza el proyecto COVE 2025 para reforzar la convivencia y la seguridad ciudadana"},"content":{"rendered":"\n<p><em>El Ayuntamiento impulsa una red de agentes comunitarios con acciones formativas, preventivas y de cohesi\u00f3n social<\/em><\/p>\n\n\n\n<p>El Ayuntamiento de Gandia, a trav\u00e9s de la Concejal\u00eda de Protecci\u00f3n, Seguridad y Convivencia, ha presentado <strong>COVE 2025<\/strong>, un ambicioso proyecto destinado a fortalecer la <strong>convivencia vecinal, la cohesi\u00f3n social y la seguridad comunitaria<\/strong> en el municipio. La iniciativa, cuyo nombre responde a las siglas de <strong>Convivencia, Oportunidad, Vinculaci\u00f3n y Empoderamiento<\/strong>, fue anunciada en rueda de prensa por la concejala Lydia Morant, junto al director del programa, Juan Grimalt, el subdirector Amadeo Faus y la presidenta de la <strong>Fundaci\u00f3n Next2U<\/strong>, Virginia Pons, entidad clave en el desarrollo del proyecto.<\/p>\n\n\n\n<p>COVE 2025 nace con el objetivo de <strong>crear una red de agentes comunitarios<\/strong> que act\u00faen como referentes positivos en sus barrios, con funciones de detecci\u00f3n de conflictos, prevenci\u00f3n de riesgos y promoci\u00f3n de valores como el respeto, la responsabilidad compartida y la solidaridad.<\/p>\n\n\n\n<p>Entre las principales l\u00edneas de actuaci\u00f3n destacan:<\/p>\n\n\n\n<ul class=\"wp-block-list\">\n<li>Formaci\u00f3n especializada para agentes comunitarios en intervenci\u00f3n socioeducativa.<\/li>\n\n\n\n<li>Dinamizaci\u00f3n de espacios p\u00fablicos con actividades culturales y sociales.<\/li>\n\n\n\n<li>Prevenci\u00f3n en contextos vulnerables para reducir la conflictividad.<\/li>\n\n\n\n<li>Cooperaci\u00f3n entre ciudadan\u00eda, entidades sociales e instituciones p\u00fablicas.<\/li>\n<\/ul>\n\n\n\n<p>Morant subray\u00f3 que el proyecto pretende <strong>dotar a la ciudadan\u00eda de herramientas para reaccionar ante emergencias<\/strong> y aspira a ser replicado en otros municipios de la Comunitat Valenciana. \u201cDesde el Ayuntamiento apoyamos plenamente este tipo de iniciativas y trabajamos para integrarlas en nuestros recursos p\u00fablicos\u201d, se\u00f1al\u00f3.<\/p>\n\n\n\n<p>Por su parte, <strong>Virginia Pons<\/strong>, presidenta de la Fundaci\u00f3n Next2U by Bu\u00f1oleras, mostr\u00f3 el respaldo absoluto de la entidad: \u201cCreemos firmemente que COVE 2025 tendr\u00e1 un impacto muy positivo en la ciudadan\u00eda, aportando formaci\u00f3n, bienestar y herramientas \u00fatiles para situaciones cr\u00edticas\u201d.<\/p>\n\n\n\n<p>El coordinador del proyecto, <strong>Pep Grimalt<\/strong>, destac\u00f3 que COVE busca ser un <strong>servicio de acci\u00f3n r\u00e1pida<\/strong> que act\u00fae incluso antes de que lleguen los servicios oficiales, siempre en coordinaci\u00f3n con ellos. \u201cNo venimos a sustituir a nadie, sino a complementar. Hemos dise\u00f1ado 57 talleres abiertos a toda la ciudadan\u00eda. Queremos ser \u00fatiles para la sociedad y para los cuerpos de seguridad\u201d.<\/p>\n\n\n\n<p>El subdirector, <strong>Amadeo Faus<\/strong>, hizo un llamamiento a la participaci\u00f3n ciudadana animando a la poblaci\u00f3n a colaborar en el proyecto: \u201cPueden hacerlo form\u00e1ndose, ayudando a difundir o colaborando econ\u00f3micamente\u201d.<\/p>\n\n\n\n<p>Como avance de lo que ofrecer\u00e1 COVE 2025, el pr\u00f3ximo <strong>17 de mayo se realizar\u00e1 una demostraci\u00f3n p\u00fablica de varios talleres<\/strong> en el <strong>Passeig de les Germanies<\/strong>, frente al Quiosco L\u2019Amorosa, entre las <strong>10:00 y las 13:00 horas<\/strong>.<\/p>\n","protected":false},"excerpt":{"rendered":"<p>El Ayuntamiento impulsa una red de agentes comunitarios con acciones formativas, preventivas y de cohesi\u00f3n social El Ayuntamiento de Gandia, a trav\u00e9s de la Concejal\u00eda de Protecci\u00f3n, Seguridad y Convivencia, ha presentado COVE 2025, un ambicioso proyecto destinado a fortalecer la convivencia vecinal, la cohesi\u00f3n social y la seguridad comunitaria en el municipio. La iniciativa,&#8230;<\/p>\n","protected":false},"author":1,"featured_media":6074,"comment_status":"open","ping_status":"open","sticky":false,"template":"","format":"standard","meta":{"footnotes":""},"categories":[1,27],"tags":[],"class_list":["post-6073","post","type-post","status-publish","format-standard","has-post-thumbnail","hentry","category-actualidad","category-sociedad"],"_links":{"self":[{"href":"https:\/\/infogandia.es\/index.php\/wp-json\/wp\/v2\/posts\/6073","targetHints":{"allow":["GET"]}}],"collection":[{"href":"https:\/\/infogandia.es\/index.php\/wp-json\/wp\/v2\/posts"}],"about":[{"href":"https:\/\/infogandia.es\/index.php\/wp-json\/wp\/v2\/types\/post"}],"author":[{"embeddable":true,"href":"https:\/\/infogandia.es\/index.php\/wp-json\/wp\/v2\/users\/1"}],"replies":[{"embeddable":true,"href":"https:\/\/infogandia.es\/index.php\/wp-json\/wp\/v2\/comments?post=6073"}],"version-history":[{"count":1,"href":"https:\/\/infogandia.es\/index.php\/wp-json\/wp\/v2\/posts\/6073\/revisions"}],"predecessor-version":[{"id":6075,"href":"https:\/\/infogandia.es\/index.php\/wp-json\/wp\/v2\/posts\/6073\/revisions\/6075"}],"wp:featuredmedia":[{"embeddable":true,"href":"https:\/\/infogandia.es\/index.php\/wp-json\/wp\/v2\/media\/6074"}],"wp:attachment":[{"href":"https:\/\/infogandia.es\/index.php\/wp-json\/wp\/v2\/media?parent=6073"}],"wp:term":[{"taxonomy":"category","embeddable":true,"href":"https:\/\/infogandia.es\/index.php\/wp-json\/wp\/v2\/categories?post=6073"},{"taxonomy":"post_tag","embeddable":true,"href":"https:\/\/infogandia.es\/index.php\/wp-json\/wp\/v2\/tags?post=6073"}],"curies":[{"name":"wp","href":"https:\/\/api.w.org\/{rel}","templated":true}]}}