{"id":6082,"date":"2025-05-12T17:20:21","date_gmt":"2025-05-12T17:20:21","guid":{"rendered":"https:\/\/infogandia.es\/?p=6082"},"modified":"2025-05-12T17:20:23","modified_gmt":"2025-05-12T17:20:23","slug":"la-concejala-de-economia-y-comercio-valora-positivamente-los-primeros-resultados-de-la-xii-feria-del-motor","status":"publish","type":"post","link":"https:\/\/infogandia.es\/index.php\/2025\/05\/12\/la-concejala-de-economia-y-comercio-valora-positivamente-los-primeros-resultados-de-la-xii-feria-del-motor\/","title":{"rendered":"La concejala de Econom\u00eda y Comercio valora positivamente los primeros resultados de la XII Feria del Motor"},"content":{"rendered":"\n<p>La concejala delegada de Econom\u00eda, Comercio y Empresa, ha realizado esta ma\u00f1ana una primera valoraci\u00f3n de la XII edici\u00f3n de la Feria del Motor celebrada recientemente en Gandia.<\/p>\n\n\n\n<p>En su intervenci\u00f3n, la edil ha se\u00f1alado que los datos definitivos sobre el impacto econ\u00f3mico de la feria no estar\u00e1n disponibles hasta dentro de un par de semanas, una vez concluyan todas las operaciones de compraventa.<\/p>\n\n\n\n<p>No obstante, ha adelantado que los concesionarios participantes han manifestado su satisfacci\u00f3n tanto por los resultados obtenidos como por la gran afluencia de visitantes durante los d\u00edas del evento.<\/p>\n\n\n\n<p>Asimismo, ha destacado como un acierto la ampliaci\u00f3n del espacio disponible, lo que permiti\u00f3 a los expositores trabajar en condiciones m\u00e1s c\u00f3modas y acoger nuevas marcas interesadas en participar en esta edici\u00f3n.<\/p>\n\n\n\n<p>Por \u00faltimo, ha subrayado el impacto positivo que ha tenido la feria sobre el comercio y la hosteler\u00eda local, gracias a los miles de personas que se acercaron a la ciudad durante esos d\u00edas.<\/p>\n","protected":false},"excerpt":{"rendered":"<p>La concejala delegada de Econom\u00eda, Comercio y Empresa, ha realizado esta ma\u00f1ana una primera valoraci\u00f3n de la XII edici\u00f3n de la Feria del Motor celebrada recientemente en Gandia. En su intervenci\u00f3n, la edil ha se\u00f1alado que los datos definitivos sobre el impacto econ\u00f3mico de la feria no estar\u00e1n disponibles hasta dentro de un par de&#8230;<\/p>\n","protected":false},"author":1,"featured_media":6083,"comment_status":"open","ping_status":"open","sticky":false,"template":"","format":"standard","meta":{"footnotes":""},"categories":[1,27,57],"tags":[],"class_list":["post-6082","post","type-post","status-publish","format-standard","has-post-thumbnail","hentry","category-actualidad","category-sociedad","category-turismo"],"_links":{"self":[{"href":"https:\/\/infogandia.es\/index.php\/wp-json\/wp\/v2\/posts\/6082","targetHints":{"allow":["GET"]}}],"collection":[{"href":"https:\/\/infogandia.es\/index.php\/wp-json\/wp\/v2\/posts"}],"about":[{"href":"https:\/\/infogandia.es\/index.php\/wp-json\/wp\/v2\/types\/post"}],"author":[{"embeddable":true,"href":"https:\/\/infogandia.es\/index.php\/wp-json\/wp\/v2\/users\/1"}],"replies":[{"embeddable":true,"href":"https:\/\/infogandia.es\/index.php\/wp-json\/wp\/v2\/comments?post=6082"}],"version-history":[{"count":1,"href":"https:\/\/infogandia.es\/index.php\/wp-json\/wp\/v2\/posts\/6082\/revisions"}],"predecessor-version":[{"id":6085,"href":"https:\/\/infogandia.es\/index.php\/wp-json\/wp\/v2\/posts\/6082\/revisions\/6085"}],"wp:featuredmedia":[{"embeddable":true,"href":"https:\/\/infogandia.es\/index.php\/wp-json\/wp\/v2\/media\/6083"}],"wp:attachment":[{"href":"https:\/\/infogandia.es\/index.php\/wp-json\/wp\/v2\/media?parent=6082"}],"wp:term":[{"taxonomy":"category","embeddable":true,"href":"https:\/\/infogandia.es\/index.php\/wp-json\/wp\/v2\/categories?post=6082"},{"taxonomy":"post_tag","embeddable":true,"href":"https:\/\/infogandia.es\/index.php\/wp-json\/wp\/v2\/tags?post=6082"}],"curies":[{"name":"wp","href":"https:\/\/api.w.org\/{rel}","templated":true}]}}