{"id":6130,"date":"2025-05-15T23:38:32","date_gmt":"2025-05-15T23:38:32","guid":{"rendered":"https:\/\/infogandia.es\/?p=6130"},"modified":"2025-05-15T23:39:15","modified_gmt":"2025-05-15T23:39:15","slug":"la-diputacio-presenta-el-cartel-de-su-primer-festival-de-jazz-con-big-bands-y-miticos-grupos-de-la-provincia","status":"publish","type":"post","link":"https:\/\/infogandia.es\/index.php\/2025\/05\/15\/la-diputacio-presenta-el-cartel-de-su-primer-festival-de-jazz-con-big-bands-y-miticos-grupos-de-la-provincia\/","title":{"rendered":"La Diputaci\u00f3 presenta el cartel de su primer festival de jazz con Big Bands y m\u00edticos grupos de la provincia"},"content":{"rendered":"\n<ul class=\"wp-block-list\">\n<li><strong>La primera edici\u00f3n de \u2018FEM-HO JAZZ\u2019, que se celebra entre el 15 de mayo y el 12 de julio, ofrecer\u00e1 conciertos gratuitos en Potries, Real, Meliana, Carcaixent y en la ciudad de Valencia<\/strong><\/li>\n\n\n\n<li><strong>El diputado de Cultura, Paco Teruel, destaca la creaci\u00f3n de la Federaci\u00f3n de Big Bands de la provincia y la puesta en marcha del festival de jazz en respuesta a la creciente demanda de los municipios<\/strong><\/li>\n<\/ul>\n\n\n\n<p>Jueves 15 de mayo de 2025.- El Magatzem de Ribera de Carcaixent ser\u00e1 el escenario de la primera cita del festival \u2018FEM-HO JAZZ\u2019 de la Diputaci\u00f3 de Val\u00e8ncia, que contar\u00e1 con formaciones como la Original Dixieland Sedajazz, la Jove Big Band Sedajazz y Arantxa Dom\u00ednguez y Ricardo Belda Quartet, entre otras. As\u00ed, esta ma\u00f1ana se ha dado a conocer la programaci\u00f3n del certamen, que llevar\u00e1 la m\u00fasica jazz a cuatro municipios de la provincia: Potries, Real, Meliana y Carcaixent, y tambi\u00e9n a la ciudad de Val\u00e8ncia, con tres conciertos en el Centre Cultural La Benefic\u00e8ncia.<\/p>\n\n\n\n<p>El festival nace, tal como ha explicado el diputado de Cultura, Paco Teruel, \u201ctras detectar que la m\u00fasica jazz estaba experimentando un notable incremento tanto en m\u00fasicos como en agrupaciones y adeptos; muchos ayuntamientos lo solicitaban y muchas agrupaciones ped\u00edan poder tocar; hab\u00eda que articular una herramienta para ponerlo en marcha\u201d. As\u00ed, desde el \u00e1rea de Cultura de la Diputaci\u00f3n, se pusieron en contacto con referentes del jazz en la provincia como Latino, Kako Rubio y Jos\u00e9 Usina. \u201cEn un tiempo r\u00e9cord -contin\u00faa Teruel- ya ten\u00edamos preparado el primer festival \u2018FEM-HO JAZZ\u2019 de la Diputaci\u00f3 de Val\u00e8ncia y, lo que es m\u00e1s importante, la creaci\u00f3n de la Federaci\u00f3n de Big Bands de la provincia\u201d.<\/p>\n\n\n\n<p>El festival arranca esta noche en Carcaixent con un concierto de la Federaci\u00f3n de Big Bands de la provincia de Val\u00e8ncia. \u201cHemos conseguido unir a todas las Big Bands de la provincia y hemos creado la Federaci\u00f3n; adem\u00e1s, hemos logrado algo que para m\u00ed era muy dif\u00edcil, juntar a un miembro de cada Big Band y que con un ensayo, den un concierto tan potente y m\u00edtico como el de esta noche\u201d, ha se\u00f1alado el presidente de la Federaci\u00f3n, Jos\u00e9 Usina.<\/p>\n\n\n\n<p>El festival, que llegar\u00e1 a la Ribera Alta, la Safor y l\u2019Horta Nord, adem\u00e1s de la ciudad de Val\u00e8ncia, est\u00e1 formado por tres Big Bands. En este sentido, Usina apunta que para la Federaci\u00f3n \u201cera importante que estuvieran representadas estas formaciones en el festival, adem\u00e1s de tres grupos de gente muy m\u00edtica como Ricardo Belda y Arantxa Dom\u00ednguez, profesionales que llevan muchos a\u00f1os en el jazz peleando y realizando proyectos\u201d.<\/p>\n\n\n\n<p><strong>La ruta de \u2018FEM-HO JAZZ\u2019<\/strong><\/p>\n\n\n\n<p>\u2018FEM-HO JAZZ\u2019 se estrenar\u00e1 esta misma noche en Carcaixent a las 21:00 horas en el Magatzem de Ribera, con un concierto de la Federaci\u00f3n de Big Bands de la Provincia de Valencia. La segunda cita tendr\u00e1 lugar este viernes, 16 de mayo, a las 20:15 horas en el Centre Cultural La Benefic\u00e8ncia de Val\u00e8ncia, con un concierto de Original Dixieland Sedajazz.<\/p>\n\n\n\n<p>La Diputaci\u00f3 llevar\u00e1 el festival a Potries el 18 de mayo, a las 19:30 horas, con la actuaci\u00f3n de la Jove Big Band Sedajazz en la pla\u00e7a del Cup; asimismo, el jazz volver\u00e1 a la Benefic\u00e8ncia el 30 de mayo a las 20:15 horas de la mano de Arantxa Dom\u00ednguez y Ricardo Belda Quartet. El siguiente concierto ser\u00e1 el 31 de mayo tambi\u00e9n en la Benefic\u00e8ncia, a las 20:15 horas; en esta ocasi\u00f3n subir\u00e1 al escenario Ester And\u00fajar Group.<\/p>\n\n\n\n<p>El 1 de junio, el certamen llegar\u00e1 a Real con En Clau de Jazz Big Band; la actuaci\u00f3n ser\u00e1 a las 19:00 horas en la Casa de la Cultura. El festival concluir\u00e1 en Meliana el 12 de julio en el Palauet de Noia, donde actuar\u00e1 la L\u00edrica Big Band Feat junto con Eva Romero.<\/p>\n","protected":false},"excerpt":{"rendered":"<p>Jueves 15 de mayo de 2025.- El Magatzem de Ribera de Carcaixent ser\u00e1 el escenario de la primera cita del festival \u2018FEM-HO JAZZ\u2019 de la Diputaci\u00f3 de Val\u00e8ncia, que contar\u00e1 con formaciones como la Original Dixieland Sedajazz, la Jove Big Band Sedajazz y Arantxa Dom\u00ednguez y Ricardo Belda Quartet, entre otras. As\u00ed, esta ma\u00f1ana se&#8230;<\/p>\n","protected":false},"author":1,"featured_media":6131,"comment_status":"open","ping_status":"open","sticky":false,"template":"","format":"standard","meta":{"footnotes":""},"categories":[1,3],"tags":[],"class_list":["post-6130","post","type-post","status-publish","format-standard","has-post-thumbnail","hentry","category-actualidad","category-politica"],"_links":{"self":[{"href":"https:\/\/infogandia.es\/index.php\/wp-json\/wp\/v2\/posts\/6130","targetHints":{"allow":["GET"]}}],"collection":[{"href":"https:\/\/infogandia.es\/index.php\/wp-json\/wp\/v2\/posts"}],"about":[{"href":"https:\/\/infogandia.es\/index.php\/wp-json\/wp\/v2\/types\/post"}],"author":[{"embeddable":true,"href":"https:\/\/infogandia.es\/index.php\/wp-json\/wp\/v2\/users\/1"}],"replies":[{"embeddable":true,"href":"https:\/\/infogandia.es\/index.php\/wp-json\/wp\/v2\/comments?post=6130"}],"version-history":[{"count":1,"href":"https:\/\/infogandia.es\/index.php\/wp-json\/wp\/v2\/posts\/6130\/revisions"}],"predecessor-version":[{"id":6132,"href":"https:\/\/infogandia.es\/index.php\/wp-json\/wp\/v2\/posts\/6130\/revisions\/6132"}],"wp:featuredmedia":[{"embeddable":true,"href":"https:\/\/infogandia.es\/index.php\/wp-json\/wp\/v2\/media\/6131"}],"wp:attachment":[{"href":"https:\/\/infogandia.es\/index.php\/wp-json\/wp\/v2\/media?parent=6130"}],"wp:term":[{"taxonomy":"category","embeddable":true,"href":"https:\/\/infogandia.es\/index.php\/wp-json\/wp\/v2\/categories?post=6130"},{"taxonomy":"post_tag","embeddable":true,"href":"https:\/\/infogandia.es\/index.php\/wp-json\/wp\/v2\/tags?post=6130"}],"curies":[{"name":"wp","href":"https:\/\/api.w.org\/{rel}","templated":true}]}}