{"id":6179,"date":"2025-05-22T17:19:12","date_gmt":"2025-05-22T17:19:12","guid":{"rendered":"https:\/\/infogandia.es\/?p=6179"},"modified":"2025-05-22T17:19:12","modified_gmt":"2025-05-22T17:19:12","slug":"los-rebeldes-actuaran-este-sabado-en-los-marquesa-concerts-con-todas-las-entradas-agotadas","status":"publish","type":"post","link":"https:\/\/infogandia.es\/index.php\/2025\/05\/22\/los-rebeldes-actuaran-este-sabado-en-los-marquesa-concerts-con-todas-las-entradas-agotadas\/","title":{"rendered":"Los Rebeldes actuar\u00e1n este s\u00e1bado en los Marquesa Concerts con todas las entradas agotadas"},"content":{"rendered":"\n<p>Este s\u00e1bado, el jard\u00edn de la Casa de Cultura de Gandia acoger\u00e1 la segunda actuaci\u00f3n del ciclo <em>Marquesa Concerts<\/em> con la esperada presentaci\u00f3n de <strong>Los Rebeldes<\/strong>, la m\u00edtica banda de rockabilly liderada por <strong>Carlos Segarra<\/strong>. El concierto, que dar\u00e1 comienzo a las <strong>21:30 h<\/strong>, ha colgado ya el cartel de <em>entradas agotadas<\/em>, seg\u00fan ha confirmado la organizaci\u00f3n.<\/p>\n\n\n\n<p>Con m\u00e1s de <strong>45 a\u00f1os de trayectoria<\/strong>, Los Rebeldes est\u00e1n considerados como pioneros del rockabilly en Espa\u00f1a y una de las formaciones m\u00e1s influyentes del panorama musical nacional. Desde su debut con el ic\u00f3nico \u00e1lbum <em>Cervezas, chicas y rockabilly<\/em>, han vendido m\u00e1s de <strong>un mill\u00f3n de discos<\/strong> y han firmado himnos generacionales como <em>Bajo la luz de la luna<\/em>, <em>Mediterr\u00e1neo<\/em> o <em>Un espa\u00f1ol en Nueva York<\/em>.<\/p>\n\n\n\n<p>A lo largo de su carrera, la banda ha sabido reinventarse incorporando influencias de otros g\u00e9neros como el soul, el surf o el swing, sin perder nunca su esencia ni la inconfundible voz de Segarra, que sigue siendo su sello m\u00e1s caracter\u00edstico.<\/p>\n\n\n\n<p>El concierto de este s\u00e1bado promete ser una velada inolvidable para los amantes del rock cl\u00e1sico y la m\u00fasica en directo, consolidando as\u00ed el \u00e9xito de una nueva edici\u00f3n de los <em>Marquesa Concerts<\/em> en Gandia.<\/p>\n","protected":false},"excerpt":{"rendered":"<p>Este s\u00e1bado, el jard\u00edn de la Casa de Cultura de Gandia acoger\u00e1 la segunda actuaci\u00f3n del ciclo Marquesa Concerts con la esperada presentaci\u00f3n de Los Rebeldes, la m\u00edtica banda de rockabilly liderada por Carlos Segarra. El concierto, que dar\u00e1 comienzo a las 21:30 h, ha colgado ya el cartel de entradas agotadas, seg\u00fan ha confirmado&#8230;<\/p>\n","protected":false},"author":1,"featured_media":6180,"comment_status":"open","ping_status":"open","sticky":false,"template":"","format":"standard","meta":{"footnotes":""},"categories":[1,57],"tags":[],"class_list":["post-6179","post","type-post","status-publish","format-standard","has-post-thumbnail","hentry","category-actualidad","category-turismo"],"_links":{"self":[{"href":"https:\/\/infogandia.es\/index.php\/wp-json\/wp\/v2\/posts\/6179","targetHints":{"allow":["GET"]}}],"collection":[{"href":"https:\/\/infogandia.es\/index.php\/wp-json\/wp\/v2\/posts"}],"about":[{"href":"https:\/\/infogandia.es\/index.php\/wp-json\/wp\/v2\/types\/post"}],"author":[{"embeddable":true,"href":"https:\/\/infogandia.es\/index.php\/wp-json\/wp\/v2\/users\/1"}],"replies":[{"embeddable":true,"href":"https:\/\/infogandia.es\/index.php\/wp-json\/wp\/v2\/comments?post=6179"}],"version-history":[{"count":1,"href":"https:\/\/infogandia.es\/index.php\/wp-json\/wp\/v2\/posts\/6179\/revisions"}],"predecessor-version":[{"id":6181,"href":"https:\/\/infogandia.es\/index.php\/wp-json\/wp\/v2\/posts\/6179\/revisions\/6181"}],"wp:featuredmedia":[{"embeddable":true,"href":"https:\/\/infogandia.es\/index.php\/wp-json\/wp\/v2\/media\/6180"}],"wp:attachment":[{"href":"https:\/\/infogandia.es\/index.php\/wp-json\/wp\/v2\/media?parent=6179"}],"wp:term":[{"taxonomy":"category","embeddable":true,"href":"https:\/\/infogandia.es\/index.php\/wp-json\/wp\/v2\/categories?post=6179"},{"taxonomy":"post_tag","embeddable":true,"href":"https:\/\/infogandia.es\/index.php\/wp-json\/wp\/v2\/tags?post=6179"}],"curies":[{"name":"wp","href":"https:\/\/api.w.org\/{rel}","templated":true}]}}