{"id":6319,"date":"2025-06-04T08:42:12","date_gmt":"2025-06-04T08:42:12","guid":{"rendered":"https:\/\/infogandia.es\/?p=6319"},"modified":"2025-06-04T12:14:09","modified_gmt":"2025-06-04T12:14:09","slug":"victor-soler-lanza-el-podcast-parlem-de-gandia-un-espacio-de-dialogo-con-referentes-locales","status":"publish","type":"post","link":"https:\/\/infogandia.es\/index.php\/2025\/06\/04\/victor-soler-lanza-el-podcast-parlem-de-gandia-un-espacio-de-dialogo-con-referentes-locales\/","title":{"rendered":"V\u00edctor Soler lanza el podcast &#8220;Parlem de Gandia&#8221;, un espacio de di\u00e1logo con referentes locales"},"content":{"rendered":"\n<p>El portavoz del Partido Popular en Gandia, V\u00edctor Soler, ha presentado hoy <strong>\u201cParlem de Gandia\u201d<\/strong>, un nuevo podcast que nace con el objetivo de generar un espacio de conversaci\u00f3n con personas destacadas de la ciudad para abordar temas de inter\u00e9s general.<\/p>\n\n\n\n<p>Con esta iniciativa, Soler se convierte en el primer pol\u00edtico municipal en lanzar un podcast propio, apostando por una comunicaci\u00f3n m\u00e1s directa, cercana y participativa con la ciudadan\u00eda.<\/p>\n\n\n\n<p>El primer episodio cuenta con la participaci\u00f3n del reconocido chef <strong>Amadeo Faus<\/strong>, figura emblem\u00e1tica de la gastronom\u00eda local, quien ha conversado sobre el plato m\u00e1s representativo de Gandia: la fideu\u00e0. La entrevista coincide con la celebraci\u00f3n del <strong>Concurso Internacional de Fideu\u00e0<\/strong>, que tendr\u00e1 lugar el pr\u00f3ximo <strong>5 de junio<\/strong>.<\/p>\n\n\n\n<p>\u201cParlem de Gandia\u201d pretende dar voz a quienes contribuyen activamente al presente y futuro de la ciudad, abordando temas sociales, culturales, econ\u00f3micos y vecinales desde una mirada local y cercana.<\/p>\n\n\n\n<p>El podcast estar\u00e1 disponible a lo largo del d\u00eda en <strong>plataformas digitales y redes sociales<\/strong>, ofreciendo a la ciudadan\u00eda una nueva herramienta para informarse y reflexionar sobre la realidad de Gandia.<\/p>\n","protected":false},"excerpt":{"rendered":"<p>El portavoz del Partido Popular en Gandia, V\u00edctor Soler, ha presentado hoy \u201cParlem de Gandia\u201d, un nuevo podcast que nace con el objetivo de generar un espacio de conversaci\u00f3n con personas destacadas de la ciudad para abordar temas de inter\u00e9s general. Con esta iniciativa, Soler se convierte en el primer pol\u00edtico municipal en lanzar un&#8230;<\/p>\n","protected":false},"author":1,"featured_media":6320,"comment_status":"open","ping_status":"open","sticky":false,"template":"","format":"standard","meta":{"footnotes":""},"categories":[1,27],"tags":[],"class_list":["post-6319","post","type-post","status-publish","format-standard","has-post-thumbnail","hentry","category-actualidad","category-sociedad"],"_links":{"self":[{"href":"https:\/\/infogandia.es\/index.php\/wp-json\/wp\/v2\/posts\/6319","targetHints":{"allow":["GET"]}}],"collection":[{"href":"https:\/\/infogandia.es\/index.php\/wp-json\/wp\/v2\/posts"}],"about":[{"href":"https:\/\/infogandia.es\/index.php\/wp-json\/wp\/v2\/types\/post"}],"author":[{"embeddable":true,"href":"https:\/\/infogandia.es\/index.php\/wp-json\/wp\/v2\/users\/1"}],"replies":[{"embeddable":true,"href":"https:\/\/infogandia.es\/index.php\/wp-json\/wp\/v2\/comments?post=6319"}],"version-history":[{"count":1,"href":"https:\/\/infogandia.es\/index.php\/wp-json\/wp\/v2\/posts\/6319\/revisions"}],"predecessor-version":[{"id":6321,"href":"https:\/\/infogandia.es\/index.php\/wp-json\/wp\/v2\/posts\/6319\/revisions\/6321"}],"wp:featuredmedia":[{"embeddable":true,"href":"https:\/\/infogandia.es\/index.php\/wp-json\/wp\/v2\/media\/6320"}],"wp:attachment":[{"href":"https:\/\/infogandia.es\/index.php\/wp-json\/wp\/v2\/media?parent=6319"}],"wp:term":[{"taxonomy":"category","embeddable":true,"href":"https:\/\/infogandia.es\/index.php\/wp-json\/wp\/v2\/categories?post=6319"},{"taxonomy":"post_tag","embeddable":true,"href":"https:\/\/infogandia.es\/index.php\/wp-json\/wp\/v2\/tags?post=6319"}],"curies":[{"name":"wp","href":"https:\/\/api.w.org\/{rel}","templated":true}]}}