{"id":6322,"date":"2025-06-04T15:36:02","date_gmt":"2025-06-04T15:36:02","guid":{"rendered":"https:\/\/infogandia.es\/?p=6322"},"modified":"2025-06-04T15:36:08","modified_gmt":"2025-06-04T15:36:08","slug":"la-diputacion-impulsa-nuevas-excavaciones-en-la-cova-foradada-de-oliva-en-busca-de-mas-restos-del-paleolitico","status":"publish","type":"post","link":"https:\/\/infogandia.es\/index.php\/2025\/06\/04\/la-diputacion-impulsa-nuevas-excavaciones-en-la-cova-foradada-de-oliva-en-busca-de-mas-restos-del-paleolitico\/","title":{"rendered":"La Diputaci\u00f3n impulsa nuevas excavaciones en la Cova Foradada de Oliva en busca de m\u00e1s restos del Paleol\u00edtico"},"content":{"rendered":"\n<p>La <strong>Diputaci\u00f3 de Val\u00e8ncia<\/strong> ha anunciado el inicio de una nueva campa\u00f1a de excavaciones en la <strong>Cova Foradada de Oliva<\/strong>, uno de los yacimientos m\u00e1s antiguos de Europa, con el objetivo de seguir descubriendo restos arqueol\u00f3gicos de gran valor hist\u00f3rico. Las excavaciones se llevar\u00e1n a cabo <strong>del 30 de junio al 25 de julio<\/strong>, impulsadas por el <strong>Servicio de Investigaci\u00f3n del Museo de Prehistoria<\/strong> de la Diputaci\u00f3n y la <strong>Universitat de Val\u00e8ncia<\/strong>.<\/p>\n\n\n\n<p>El anuncio se ha producido durante una visita al yacimiento del <strong>diputado de Cultura, Paco Teruel<\/strong>, acompa\u00f1ado por la <strong>alcaldesa de Oliva, Yolanda Pastor<\/strong>, la <strong>directora del Museo de Prehistoria de Valencia, M\u00aa Jes\u00fas de Pedro<\/strong>, y los <strong>arque\u00f3logos Alfred Sanchis y Aleix Eixea<\/strong>, codirectores del proyecto.<\/p>\n\n\n\n<blockquote class=\"wp-block-quote is-layout-flow wp-block-quote-is-layout-flow\">\n<p>\u201cLa Cova Foradada es uno de los yacimientos m\u00e1s antiguos de Europa y seguiremos apostando por esta excavaci\u00f3n y por la difusi\u00f3n de estos hallazgos que son parte de nuestra historia\u201d, ha se\u00f1alado Teruel.<\/p>\n<\/blockquote>\n\n\n\n<p>Por su parte, <strong>Alfred Sanchis<\/strong> ha destacado la singularidad del enclave: \u201cMuy pocos yacimientos europeos presentan una secuencia tan completa que abarca desde el Paleol\u00edtico Medio, asociado a los neandertales, hasta el Paleol\u00edtico Superior, donde aparece el Homo sapiens y la industria l\u00edtica\u201d.<\/p>\n\n\n\n<figure class=\"wp-block-image size-large\"><img fetchpriority=\"high\" decoding=\"async\" width=\"1024\" height=\"665\" src=\"https:\/\/infogandia.es\/wp-content\/uploads\/2025\/06\/Imagen-de-WhatsApp-2025-06-04-a-las-17.14.38_28c86e39-1024x665.jpg\" alt=\"\" class=\"wp-image-6323\" srcset=\"https:\/\/infogandia.es\/wp-content\/uploads\/2025\/06\/Imagen-de-WhatsApp-2025-06-04-a-las-17.14.38_28c86e39-1024x665.jpg 1024w, https:\/\/infogandia.es\/wp-content\/uploads\/2025\/06\/Imagen-de-WhatsApp-2025-06-04-a-las-17.14.38_28c86e39-300x195.jpg 300w, https:\/\/infogandia.es\/wp-content\/uploads\/2025\/06\/Imagen-de-WhatsApp-2025-06-04-a-las-17.14.38_28c86e39-768x499.jpg 768w, https:\/\/infogandia.es\/wp-content\/uploads\/2025\/06\/Imagen-de-WhatsApp-2025-06-04-a-las-17.14.38_28c86e39-1536x997.jpg 1536w, https:\/\/infogandia.es\/wp-content\/uploads\/2025\/06\/Imagen-de-WhatsApp-2025-06-04-a-las-17.14.38_28c86e39.jpg 1600w\" sizes=\"(max-width: 1024px) 100vw, 1024px\" \/><\/figure>\n\n\n\n<p>La <strong>alcaldesa de Oliva<\/strong>, Yolanda Pastor, ha agradecido el respaldo institucional y ha recordado que \u201ca\u00fan quedan muchos restos, piezas y datos por descubrir que nos ayudar\u00e1n a conocer mejor nuestra historia\u201d. Asimismo, ha subrayado la importancia de la <strong>divulgaci\u00f3n<\/strong>, especialmente entre los m\u00e1s j\u00f3venes, con actividades educativas impulsadas desde el Ayuntamiento.<\/p>\n\n\n\n<p>Desde el <strong>Museo de Prehistoria de Valencia (MUPREVA)<\/strong>, su directora ha resaltado que ya se exponen <strong>importantes restos de neandertales procedentes de la cueva<\/strong>, tanto humanos como materiales, y ha anticipado que <strong>en el futuro se sumar\u00e1n muchas m\u00e1s piezas a las vitrinas<\/strong> del museo. Adem\u00e1s, ha puesto en valor el trabajo del equipo del Servicio de Investigaci\u00f3n Prehist\u00f3rica, recordando que en 2027 el museo celebrar\u00e1 su <strong>centenario<\/strong>.<\/p>\n\n\n\n<p>Las excavaciones en la Cova Foradada se retomaron hace tres a\u00f1os, y con esta nueva campa\u00f1a se espera <strong>concluir las tallas 5 y 6<\/strong>. El objetivo a medio plazo es alcanzar los <strong>niveles del Paleol\u00edtico Medio<\/strong>, clave para comprender mejor la presencia y evoluci\u00f3n de los primeros habitantes del territorio valenciano.<\/p>\n","protected":false},"excerpt":{"rendered":"<p>La Diputaci\u00f3 de Val\u00e8ncia ha anunciado el inicio de una nueva campa\u00f1a de excavaciones en la Cova Foradada de Oliva, uno de los yacimientos m\u00e1s antiguos de Europa, con el objetivo de seguir descubriendo restos arqueol\u00f3gicos de gran valor hist\u00f3rico. Las excavaciones se llevar\u00e1n a cabo del 30 de junio al 25 de julio, impulsadas&#8230;<\/p>\n","protected":false},"author":1,"featured_media":6324,"comment_status":"open","ping_status":"open","sticky":false,"template":"","format":"standard","meta":{"footnotes":""},"categories":[1],"tags":[],"class_list":["post-6322","post","type-post","status-publish","format-standard","has-post-thumbnail","hentry","category-actualidad"],"_links":{"self":[{"href":"https:\/\/infogandia.es\/index.php\/wp-json\/wp\/v2\/posts\/6322","targetHints":{"allow":["GET"]}}],"collection":[{"href":"https:\/\/infogandia.es\/index.php\/wp-json\/wp\/v2\/posts"}],"about":[{"href":"https:\/\/infogandia.es\/index.php\/wp-json\/wp\/v2\/types\/post"}],"author":[{"embeddable":true,"href":"https:\/\/infogandia.es\/index.php\/wp-json\/wp\/v2\/users\/1"}],"replies":[{"embeddable":true,"href":"https:\/\/infogandia.es\/index.php\/wp-json\/wp\/v2\/comments?post=6322"}],"version-history":[{"count":2,"href":"https:\/\/infogandia.es\/index.php\/wp-json\/wp\/v2\/posts\/6322\/revisions"}],"predecessor-version":[{"id":6326,"href":"https:\/\/infogandia.es\/index.php\/wp-json\/wp\/v2\/posts\/6322\/revisions\/6326"}],"wp:featuredmedia":[{"embeddable":true,"href":"https:\/\/infogandia.es\/index.php\/wp-json\/wp\/v2\/media\/6324"}],"wp:attachment":[{"href":"https:\/\/infogandia.es\/index.php\/wp-json\/wp\/v2\/media?parent=6322"}],"wp:term":[{"taxonomy":"category","embeddable":true,"href":"https:\/\/infogandia.es\/index.php\/wp-json\/wp\/v2\/categories?post=6322"},{"taxonomy":"post_tag","embeddable":true,"href":"https:\/\/infogandia.es\/index.php\/wp-json\/wp\/v2\/tags?post=6322"}],"curies":[{"name":"wp","href":"https:\/\/api.w.org\/{rel}","templated":true}]}}