{"id":6327,"date":"2025-06-04T15:40:37","date_gmt":"2025-06-04T15:40:37","guid":{"rendered":"https:\/\/infogandia.es\/?p=6327"},"modified":"2025-06-04T15:40:38","modified_gmt":"2025-06-04T15:40:38","slug":"anthony-ibanez-ninyato-el-que-esta-fent-gandia-amb-el-pla-parlem-no-nomes-passara-a-la-historia-sino-que-marcara-una-historia","status":"publish","type":"post","link":"https:\/\/infogandia.es\/index.php\/2025\/06\/04\/anthony-ibanez-ninyato-el-que-esta-fent-gandia-amb-el-pla-parlem-no-nomes-passara-a-la-historia-sino-que-marcara-una-historia\/","title":{"rendered":"Anthony Ib\u00e1\u00f1ez \u2018Ninyato\u2019: \u201cEl que est\u00e0 fent Gandia amb el Pla Parlem no nom\u00e9s passar\u00e0 a la hist\u00f2ria, sin\u00f3 que marcar\u00e0 una hist\u00f2ria\u201d"},"content":{"rendered":"\n<p>El Teatre Serrano ha acollit aquest mat\u00ed dues sessions plenes d\u2019emoci\u00f3, reflexi\u00f3 i esperan\u00e7a amb motiu de la xarrada \u201c<strong>La meua cicatriu ja no plora<\/strong>\u201d, protagonitzada per l\u2019escriptor i influencer <strong>Anthony Ib\u00e1\u00f1ez<\/strong>, conegut com <strong>\u2018Ninyato\u2019<\/strong>. L\u2019acte, emmarcat dins del <strong>Pla Parlem<\/strong>, ha omplit l\u2019aforament del teatre en les dues franges hor\u00e0ries (10.30 h i 12.00 h), amb l\u2019assist\u00e8ncia de centenars d\u2019estudiants de <strong>3r d\u2019ESO a 1r de Batxillerat<\/strong> de diversos centres educatius de Gandia.<\/p>\n\n\n\n<p>Abans de la seua intervenci\u00f3, Ib\u00e1\u00f1ez ha estat acompanyat per l\u2019<strong>alcalde de Gandia, Jos\u00e9 Manuel Prieto<\/strong>, i la <strong>regidora de Sanitat, Liduvina Gil<\/strong>, i ha llan\u00e7at un missatge clar i contundent:<\/p>\n\n\n\n<blockquote class=\"wp-block-quote is-layout-flow wp-block-quote-is-layout-flow\">\n<p>\u201cEl que est\u00e0 fent Gandia, m\u00e9s que passar a la hist\u00f2ria, marcar\u00e0 una hist\u00f2ria. Em sembla preci\u00f3s que existisca un programa aix\u00ed, sense \u00e0nim de lucre, nom\u00e9s per ajudar\u201d.<\/p>\n<\/blockquote>\n\n\n\n<p>El <strong>Pla Parlem<\/strong>, posat en marxa fa nou mesos per l\u2019Ajuntament de Gandia dins de l\u2019estrat\u00e8gia <strong>\u2018Avant Gandia\u2019<\/strong>, t\u00e9 com a objectiu <strong>prevenir i abordar el malestar emocional i psicol\u00f2gic de la joventut<\/strong>. Durant aquest temps, el servei ha at\u00e9s <strong>m\u00e9s de 330 joves<\/strong> de manera individualitzada i gratu\u00efta, gr\u00e0cies a un equip de psic\u00f2legs professionals.<\/p>\n\n\n\n<p>L\u2019alcalde Prieto ha destacat que Gandia <strong>\u00e9s pionera en donar resposta a un dels grans reptes de salut p\u00fablica actual<\/strong>:<\/p>\n\n\n\n<blockquote class=\"wp-block-quote is-layout-flow wp-block-quote-is-layout-flow\">\n<p>\u201cEls joves s\u00f3n els qui pateixen amb m\u00e9s intensitat l\u2019ansietat i el malestar mental. Per aix\u00f2, volem actuar de manera primerenca, amb un programa que continuar\u00e0 i es refor\u00e7ar\u00e0 amb m\u00e9s recursos i pres\u00e8ncia als centres escolars\u201d.<\/p>\n<\/blockquote>\n\n\n\n<p>En resposta a la <strong>creixent demanda<\/strong>, Prieto ha anunciat que el programa <strong>ampliar\u00e0 el seu horari d\u2019atenci\u00f3 als matins<\/strong>, facilitant aix\u00ed l&#8217;acc\u00e9s directe des dels instituts.<\/p>\n\n\n\n<p>Per la seua banda, <strong>Liduvina Gil<\/strong> ha recordat que el programa va n\u00e0ixer arran del <strong>F\u00f2rum de Salut Mental de 2022<\/strong>, i respon a la necessitat de disposar d\u2019un recurs <strong>accessible, confidencial i gratu\u00eft per a joves de 12 a 22 anys<\/strong>, amb possibilitat d\u2019ampliaci\u00f3 fins als 30.<\/p>\n\n\n\n<p>Durant la seua emotiva xarrada, <strong>Ib\u00e1\u00f1ez ha connectat amb els joves des de l\u2019experi\u00e8ncia pr\u00f2pia<\/strong>, oferint claus per gestionar el dolor emocional i les \u201cferides invisibles\u201d que sovint no s\u2019expressen per\u00f2 s\u00ed es manifesten f\u00edsicament:<\/p>\n\n\n\n<blockquote class=\"wp-block-quote is-layout-flow wp-block-quote-is-layout-flow\">\n<p>\u201cMoltes vegades el cos parla all\u00f2 que la ment calla. Una abra\u00e7ada, encara que siga metaf\u00f2rica, pot fer m\u00e9s que mil paraules. Aix\u00f2 \u00e9s el que ofereix el Parlem\u201d.<\/p>\n<\/blockquote>\n\n\n\n<p>Amb milions de seguidors a les xarxes socials i quatre llibres publicats, <strong>\u2018Ninyato\u2019 s\u2019ha convertit en una veu de refer\u00e8ncia entre la joventut<\/strong>, i ha tancat la seua intervenci\u00f3 amb un missatge que ha ressonat a l\u2019auditori:<\/p>\n\n\n\n<blockquote class=\"wp-block-quote is-layout-flow wp-block-quote-is-layout-flow\">\n<p>\u201cSi necessites ajuda, busca-la. Parla amb alg\u00fa. Programes com Parlem existeixen per aix\u00f2. A vegades n\u2019hi ha prou amb qu\u00e8 alg\u00fa t\u2019escolte per comen\u00e7ar a sanar\u201d.<\/p>\n<\/blockquote>\n\n\n\n<p>El <strong>Pla Parlem<\/strong> es consolida aix\u00ed com una <strong>iniciativa pionera i essencial<\/strong> per a la salut mental dels joves de Gandia, amb el suport institucional i la implicaci\u00f3 directa de referents socials com Anthony Ib\u00e1\u00f1ez.<\/p>\n","protected":false},"excerpt":{"rendered":"<p>El Teatre Serrano ha acollit aquest mat\u00ed dues sessions plenes d\u2019emoci\u00f3, reflexi\u00f3 i esperan\u00e7a amb motiu de la xarrada \u201cLa meua cicatriu ja no plora\u201d, protagonitzada per l\u2019escriptor i influencer Anthony Ib\u00e1\u00f1ez, conegut com \u2018Ninyato\u2019. L\u2019acte, emmarcat dins del Pla Parlem, ha omplit l\u2019aforament del teatre en les dues franges hor\u00e0ries (10.30 h i 12.00&#8230;<\/p>\n","protected":false},"author":1,"featured_media":6328,"comment_status":"open","ping_status":"open","sticky":false,"template":"","format":"standard","meta":{"footnotes":""},"categories":[1,27],"tags":[],"class_list":["post-6327","post","type-post","status-publish","format-standard","has-post-thumbnail","hentry","category-actualidad","category-sociedad"],"_links":{"self":[{"href":"https:\/\/infogandia.es\/index.php\/wp-json\/wp\/v2\/posts\/6327","targetHints":{"allow":["GET"]}}],"collection":[{"href":"https:\/\/infogandia.es\/index.php\/wp-json\/wp\/v2\/posts"}],"about":[{"href":"https:\/\/infogandia.es\/index.php\/wp-json\/wp\/v2\/types\/post"}],"author":[{"embeddable":true,"href":"https:\/\/infogandia.es\/index.php\/wp-json\/wp\/v2\/users\/1"}],"replies":[{"embeddable":true,"href":"https:\/\/infogandia.es\/index.php\/wp-json\/wp\/v2\/comments?post=6327"}],"version-history":[{"count":1,"href":"https:\/\/infogandia.es\/index.php\/wp-json\/wp\/v2\/posts\/6327\/revisions"}],"predecessor-version":[{"id":6329,"href":"https:\/\/infogandia.es\/index.php\/wp-json\/wp\/v2\/posts\/6327\/revisions\/6329"}],"wp:featuredmedia":[{"embeddable":true,"href":"https:\/\/infogandia.es\/index.php\/wp-json\/wp\/v2\/media\/6328"}],"wp:attachment":[{"href":"https:\/\/infogandia.es\/index.php\/wp-json\/wp\/v2\/media?parent=6327"}],"wp:term":[{"taxonomy":"category","embeddable":true,"href":"https:\/\/infogandia.es\/index.php\/wp-json\/wp\/v2\/categories?post=6327"},{"taxonomy":"post_tag","embeddable":true,"href":"https:\/\/infogandia.es\/index.php\/wp-json\/wp\/v2\/tags?post=6327"}],"curies":[{"name":"wp","href":"https:\/\/api.w.org\/{rel}","templated":true}]}}