{"id":6336,"date":"2025-06-05T09:04:16","date_gmt":"2025-06-05T09:04:16","guid":{"rendered":"https:\/\/infogandia.es\/?p=6336"},"modified":"2025-06-05T09:04:16","modified_gmt":"2025-06-05T09:04:16","slug":"el-barrio-de-republica-argentina-plaza-eliptica-celebra-este-fin-de-semana-sus-fiestas-vecinales","status":"publish","type":"post","link":"https:\/\/infogandia.es\/index.php\/2025\/06\/05\/el-barrio-de-republica-argentina-plaza-eliptica-celebra-este-fin-de-semana-sus-fiestas-vecinales\/","title":{"rendered":"El barrio de Rep\u00fablica Argentina &#8211; Plaza El\u00edptica celebra este fin de semana sus fiestas vecinales"},"content":{"rendered":"\n<p>El presidente de la Junta de Distrito de Rep\u00fablica Argentina &#8211; Plaza El\u00edptica, Salvador Gregori, junto a Mari Carmen Sarri\u00f3, presidenta de la asociaci\u00f3n de vecinos del barrio, han comparecido en rueda de prensa para informar sobre las actividades organizadas con motivo de la celebraci\u00f3n de las XXXI Fiestas Vecinales, que tendr\u00e1n lugar los d\u00edas 6 y 7 de junio.<\/p>\n\n\n\n<p>Gregori ha destacado que el distrito de Rep\u00fablica Argentina &#8211; Plaza El\u00edptica es el primero en celebrar sus fiestas vecinales de primavera, y ha querido agradecer el trabajo y la implicaci\u00f3n de vecinos y comerciantes para continuar fortaleciendo el sentido de comunidad del barrio.<\/p>\n\n\n\n<p>El viernes, entre las 18:00 y las 20:30 horas, ser\u00e1 el turno de los m\u00e1s peque\u00f1os, que podr\u00e1n disfrutar de un castillo hinchable de agua, juegos tradicionales y una merienda de horchata y fartons en la Plaza El\u00edptica.<\/p>\n\n\n\n<p>La presidenta de la asociaci\u00f3n ha agradecido el apoyo del Ayuntamiento y del presidente de la Junta de Distrito, y ha declarado: \u201cHemos preparado un programa pensado para compartir, convivir y disfrutar, como barrio. Y lo hemos hecho con el objetivo de seguir fortaleciendo los lazos que nos unen y celebrar todo aquello que nos hace sentir orgullosos de nuestro entorno y de la gente que lo habita\u201d. \u201cInvito a todos y todas a sumarse a la fiesta. Queremos que sean tres d\u00edas para compartir, re\u00edr, bailar, recordar y, sobre todo, sentirnos m\u00e1s unidos que nunca\u201d.<\/p>\n\n\n\n<p>El s\u00e1bado, a partir de las 21:30 horas, se celebrar\u00e1 la tradicional cena de \u201ccabasset\u201d del barrio, amenizada por la charanga La Makin\u00e0ria y m\u00fasica en directo a cargo de Ball Eslau Zabava, Nora Cantant y Covergente.<\/p>\n\n\n\n<p>El precio de la cena, que incluye la participaci\u00f3n en la rifa, es de 5 euros para los socios de la Asociaci\u00f3n de Vecinos y de 7 euros para los no socios. Las entradas pueden adquirirse en la sede de la asociaci\u00f3n, ubicada en la Plaza de les Xocolateres, n\u00famero 6.<\/p>\n\n\n\n<p>Adem\u00e1s, la presidenta ha informado que el domingo 8 de junio, a las 19:30 h, se celebrar\u00e1 una misa en la iglesia de Cristo Rey en memoria de los vecinos y vecinas que ya no est\u00e1n con nosotros.<\/p>\n","protected":false},"excerpt":{"rendered":"<p>El presidente de la Junta de Distrito de Rep\u00fablica Argentina &#8211; Plaza El\u00edptica, Salvador Gregori, junto a Mari Carmen Sarri\u00f3, presidenta de la asociaci\u00f3n de vecinos del barrio, han comparecido en rueda de prensa para informar sobre las actividades organizadas con motivo de la celebraci\u00f3n de las XXXI Fiestas Vecinales, que tendr\u00e1n lugar los d\u00edas&#8230;<\/p>\n","protected":false},"author":1,"featured_media":6337,"comment_status":"open","ping_status":"open","sticky":false,"template":"","format":"standard","meta":{"footnotes":""},"categories":[1,27],"tags":[],"class_list":["post-6336","post","type-post","status-publish","format-standard","has-post-thumbnail","hentry","category-actualidad","category-sociedad"],"_links":{"self":[{"href":"https:\/\/infogandia.es\/index.php\/wp-json\/wp\/v2\/posts\/6336","targetHints":{"allow":["GET"]}}],"collection":[{"href":"https:\/\/infogandia.es\/index.php\/wp-json\/wp\/v2\/posts"}],"about":[{"href":"https:\/\/infogandia.es\/index.php\/wp-json\/wp\/v2\/types\/post"}],"author":[{"embeddable":true,"href":"https:\/\/infogandia.es\/index.php\/wp-json\/wp\/v2\/users\/1"}],"replies":[{"embeddable":true,"href":"https:\/\/infogandia.es\/index.php\/wp-json\/wp\/v2\/comments?post=6336"}],"version-history":[{"count":1,"href":"https:\/\/infogandia.es\/index.php\/wp-json\/wp\/v2\/posts\/6336\/revisions"}],"predecessor-version":[{"id":6338,"href":"https:\/\/infogandia.es\/index.php\/wp-json\/wp\/v2\/posts\/6336\/revisions\/6338"}],"wp:featuredmedia":[{"embeddable":true,"href":"https:\/\/infogandia.es\/index.php\/wp-json\/wp\/v2\/media\/6337"}],"wp:attachment":[{"href":"https:\/\/infogandia.es\/index.php\/wp-json\/wp\/v2\/media?parent=6336"}],"wp:term":[{"taxonomy":"category","embeddable":true,"href":"https:\/\/infogandia.es\/index.php\/wp-json\/wp\/v2\/categories?post=6336"},{"taxonomy":"post_tag","embeddable":true,"href":"https:\/\/infogandia.es\/index.php\/wp-json\/wp\/v2\/tags?post=6336"}],"curies":[{"name":"wp","href":"https:\/\/api.w.org\/{rel}","templated":true}]}}