{"id":6339,"date":"2025-06-05T09:11:10","date_gmt":"2025-06-05T09:11:10","guid":{"rendered":"https:\/\/infogandia.es\/?p=6339"},"modified":"2025-06-11T15:03:14","modified_gmt":"2025-06-11T15:03:14","slug":"la-gala-de-el-tertulion-gandia-2025-llega-a-gandia-con-superpoderes-emociones-y-muchas-sorpresas","status":"publish","type":"post","link":"https:\/\/infogandia.es\/index.php\/2025\/06\/05\/la-gala-de-el-tertulion-gandia-2025-llega-a-gandia-con-superpoderes-emociones-y-muchas-sorpresas\/","title":{"rendered":"La Gala de El Tertulion Gandia 2025 llega a Gand\u00eda con superpoderes, emociones y muchas sorpresas"},"content":{"rendered":"\n<p>Este mes de junio, la ciudad de Gand\u00eda se prepara para vivir uno de los eventos m\u00e1s esperados del calendario deportivo: La Gala del deporte premios El Tertulion Gandia, que este a\u00f1o aterriza con una tem\u00e1tica muy especial\u2026 \u00a1los superpoderes del deporte! La cita ser\u00e1 el <strong>s\u00e1bado 14 de junio a las 19:00 horas<\/strong> en el Aula Magna del Campus de la <strong>Universitat Polit\u00e8cnica de Val\u00e8ncia en Gand\u00eda<\/strong>, con <strong>entrada libre<\/strong> para todo el p\u00fablico y retransmisi\u00f3n en directo por YouTube.<\/p>\n\n\n\n<figure class=\"wp-block-image size-large\"><img fetchpriority=\"high\" decoding=\"async\" width=\"601\" height=\"1024\" src=\"https:\/\/infogandia.es\/wp-content\/uploads\/2025\/06\/CARTEL-GALA-ok-1-601x1024.png\" alt=\"\" class=\"wp-image-6341\" srcset=\"https:\/\/infogandia.es\/wp-content\/uploads\/2025\/06\/CARTEL-GALA-ok-1-601x1024.png 601w, https:\/\/infogandia.es\/wp-content\/uploads\/2025\/06\/CARTEL-GALA-ok-1-176x300.png 176w, https:\/\/infogandia.es\/wp-content\/uploads\/2025\/06\/CARTEL-GALA-ok-1-768x1310.png 768w, https:\/\/infogandia.es\/wp-content\/uploads\/2025\/06\/CARTEL-GALA-ok-1-901x1536.png 901w, https:\/\/infogandia.es\/wp-content\/uploads\/2025\/06\/CARTEL-GALA-ok-1.png 1201w\" sizes=\"(max-width: 601px) 100vw, 601px\" \/><\/figure>\n\n\n\n<p>Este evento, que ya se ha consolidado como una tradici\u00f3n en el \u00e1mbito deportivo de la comarca, tiene como objetivo <strong>reconocer y celebrar a los y las deportistas, clubes, entrenadores y entidades<\/strong> que han destacado durante la temporada. Pero no solo se premiar\u00e1 el \u00e9xito competitivo, sino tambi\u00e9n los valores que engrandecen el deporte: <strong>el compa\u00f1erismo, la superaci\u00f3n, el respeto y el compromiso comunitario<\/strong>.<\/p>\n\n\n\n<p>La velada contar\u00e1 con un invitado muy especial: <strong>Miki DKAi<\/strong>, humorista y artista que estar\u00e1 por tierras valencianas, conocido por su estilo fresco y desenfadado, ser\u00e1 el encargado de poner el toque c\u00f3mico y musical a la noche. Su actuaci\u00f3n en directo promete arrancar risas, aplausos y alguna que otra sorpresa para los asistentes.<\/p>\n\n\n\n<p>Durante la gala se har\u00e1 entrega de los reconocimientos a los <strong>finalistas y premiados en distintas disciplinas deportivas<\/strong>, abarcando desde deportes individuales y colectivos hasta iniciativas sociales relacionadas con la actividad f\u00edsica. Adem\u00e1s, se destacar\u00e1 la labor de los clubes, entrenadores y personal t\u00e9cnico que trabajan d\u00eda a d\u00eda para hacer crecer el deporte en nuestra comarca.<\/p>\n\n\n\n<p>Este a\u00f1o, el evento se viste de gala con una propuesta esc\u00e9nica muy especial inspirada en los superh\u00e9roes, porque <strong>cada persona que lucha por sus sue\u00f1os deportivos, supera obst\u00e1culos y sigue adelante con pasi\u00f3n tiene, sin duda, superpoderes<\/strong>.<\/p>\n\n\n\n<h3 class=\"wp-block-heading\">\ud83d\udccc Informaci\u00f3n pr\u00e1ctica<\/h3>\n\n\n\n<ul class=\"wp-block-list\">\n<li><strong>\ud83d\udcc5 Fecha:<\/strong> S\u00e1bado 14 de junio de 2025<\/li>\n\n\n\n<li><strong>\ud83d\udd56 Hora:<\/strong> 19:00 h<\/li>\n\n\n\n<li><strong>\ud83d\udccd Lugar:<\/strong> Aula Magna \u2013 UPV Campus Gand\u00eda<\/li>\n\n\n\n<li><strong>\ud83c\udfad Artista invitado:<\/strong> Miki DKAi (en directo)<\/li>\n\n\n\n<li><strong>\ud83c\udf9f\ufe0f Entrada:<\/strong> Libre hasta completar aforo<\/li>\n\n\n\n<li><strong>\ud83d\udc54 Dress code:<\/strong> GALA<\/li>\n\n\n\n<li><strong>\ud83d\udcfa Streaming en directo:<\/strong> <a class=\"\" href=\"https:\/\/www.youtube.com\/live\/hf3N5PiCuOU?si=3jV2xvY3Wr3XLFLW\">Ver en YouTube<\/a><\/li>\n<\/ul>\n\n\n\n<h3 class=\"wp-block-heading\">\ud83c\udf1f Una gala para toda la comarca<\/h3>\n\n\n\n<p>El evento est\u00e1 dirigido a toda la comunidad: deportistas, familias, aficionados, responsables de clubes, representantes institucionales y ciudadan\u00eda en general. Se trata de una oportunidad \u00fanica para <strong>reunir a todos los agentes del deporte comarcal en una celebraci\u00f3n com\u00fan<\/strong>, reforzando lazos, compartiendo emociones y reconociendo los m\u00e9ritos de quienes hacen posible que el deporte sea motor de desarrollo y cohesi\u00f3n social.<\/p>\n","protected":false},"excerpt":{"rendered":"<p>Este mes de junio, la ciudad de Gand\u00eda se prepara para vivir uno de los eventos m\u00e1s esperados del calendario deportivo: La Gala del deporte premios El Tertulion Gandia, que este a\u00f1o aterriza con una tem\u00e1tica muy especial\u2026 \u00a1los superpoderes del deporte! La cita ser\u00e1 el s\u00e1bado 14 de junio a las 19:00 horas en&#8230;<\/p>\n","protected":false},"author":1,"featured_media":6342,"comment_status":"open","ping_status":"open","sticky":false,"template":"","format":"standard","meta":{"footnotes":""},"categories":[1,4],"tags":[],"class_list":["post-6339","post","type-post","status-publish","format-standard","has-post-thumbnail","hentry","category-actualidad","category-deporte"],"_links":{"self":[{"href":"https:\/\/infogandia.es\/index.php\/wp-json\/wp\/v2\/posts\/6339","targetHints":{"allow":["GET"]}}],"collection":[{"href":"https:\/\/infogandia.es\/index.php\/wp-json\/wp\/v2\/posts"}],"about":[{"href":"https:\/\/infogandia.es\/index.php\/wp-json\/wp\/v2\/types\/post"}],"author":[{"embeddable":true,"href":"https:\/\/infogandia.es\/index.php\/wp-json\/wp\/v2\/users\/1"}],"replies":[{"embeddable":true,"href":"https:\/\/infogandia.es\/index.php\/wp-json\/wp\/v2\/comments?post=6339"}],"version-history":[{"count":4,"href":"https:\/\/infogandia.es\/index.php\/wp-json\/wp\/v2\/posts\/6339\/revisions"}],"predecessor-version":[{"id":6363,"href":"https:\/\/infogandia.es\/index.php\/wp-json\/wp\/v2\/posts\/6339\/revisions\/6363"}],"wp:featuredmedia":[{"embeddable":true,"href":"https:\/\/infogandia.es\/index.php\/wp-json\/wp\/v2\/media\/6342"}],"wp:attachment":[{"href":"https:\/\/infogandia.es\/index.php\/wp-json\/wp\/v2\/media?parent=6339"}],"wp:term":[{"taxonomy":"category","embeddable":true,"href":"https:\/\/infogandia.es\/index.php\/wp-json\/wp\/v2\/categories?post=6339"},{"taxonomy":"post_tag","embeddable":true,"href":"https:\/\/infogandia.es\/index.php\/wp-json\/wp\/v2\/tags?post=6339"}],"curies":[{"name":"wp","href":"https:\/\/api.w.org\/{rel}","templated":true}]}}