{"id":6356,"date":"2025-06-10T14:51:17","date_gmt":"2025-06-10T14:51:17","guid":{"rendered":"https:\/\/infogandia.es\/?p=6356"},"modified":"2025-06-10T14:51:17","modified_gmt":"2025-06-10T14:51:17","slug":"impulsa-gandia-una-iniciativa-mas-alla-de-las-siglas-para-activar-la-ciudad","status":"publish","type":"post","link":"https:\/\/infogandia.es\/index.php\/2025\/06\/10\/impulsa-gandia-una-iniciativa-mas-alla-de-las-siglas-para-activar-la-ciudad\/","title":{"rendered":"\u201cIMPULSA GANDIA\u201d, UNA INICIATIVA M\u00c1S ALL\u00c1 DE LAS SIGLAS PARA ACTIVAR LA CIUDAD"},"content":{"rendered":"\n<p>Este jueves 12 de junio a las 20:00 horas, en Fomento, se inaugura \u201cImpulsa Gandia\u201d, un movimiento que pretende activar y dinamizar la ciudad a trav\u00e9s de la participaci\u00f3n activa de la sociedad civil en \u00e1reas clave como la vivienda, la promoci\u00f3n econ\u00f3mica y la seguridad ciudadana.<\/p>\n\n\n\n<p>La primera sesi\u00f3n contar\u00e1 con la presencia de destacados ponentes: Marian Cano, Consellera de Innovaci\u00f3n, Industria, Comercio y Turismo; Sebasti\u00e1n Fern\u00e1ndez, Secretario Auton\u00f3mico de Vivienda; y Jos\u00e9 Vicente Herrera, Coordinador de Seguridad y Emergencias del Ayuntamiento de Valencia. Cada uno abordar\u00e1 temas de gran inter\u00e9s para la ciudad, tales como la construcci\u00f3n de vivienda asequible en Gandia, la revitalizaci\u00f3n del turismo, la industria y el comercio local, as\u00ed como las estrategias para hacer frente al aumento de la criminalidad y la ocupaci\u00f3n ilegal.<\/p>\n\n\n\n<p>Tras las intervenciones, se ofrecer\u00e1 un vino de honor para los asistentes, fomentando el di\u00e1logo y la creaci\u00f3n de redes entre participantes.<\/p>\n\n\n\n<p>\u201cImpulsa Gandia\u201d nace con la intenci\u00f3n de ir m\u00e1s all\u00e1 de las siglas pol\u00edticas y de los intereses partidistas, buscando un progreso real que involucre a toda la sociedad. Su objetivo es reavivar un sentimiento dormido en la ciudad: las ganas de impulsar Gandia hacia un futuro pr\u00f3spero y seguro.<\/p>\n","protected":false},"excerpt":{"rendered":"<p>Este jueves 12 de junio a las 20:00 horas, en Fomento, se inaugura \u201cImpulsa Gandia\u201d, un movimiento que pretende activar y dinamizar la ciudad a trav\u00e9s de la participaci\u00f3n activa de la sociedad civil en \u00e1reas clave como la vivienda, la promoci\u00f3n econ\u00f3mica y la seguridad ciudadana. La primera sesi\u00f3n contar\u00e1 con la presencia de&#8230;<\/p>\n","protected":false},"author":1,"featured_media":6357,"comment_status":"open","ping_status":"open","sticky":false,"template":"","format":"standard","meta":{"footnotes":""},"categories":[1],"tags":[],"class_list":["post-6356","post","type-post","status-publish","format-standard","has-post-thumbnail","hentry","category-actualidad"],"_links":{"self":[{"href":"https:\/\/infogandia.es\/index.php\/wp-json\/wp\/v2\/posts\/6356","targetHints":{"allow":["GET"]}}],"collection":[{"href":"https:\/\/infogandia.es\/index.php\/wp-json\/wp\/v2\/posts"}],"about":[{"href":"https:\/\/infogandia.es\/index.php\/wp-json\/wp\/v2\/types\/post"}],"author":[{"embeddable":true,"href":"https:\/\/infogandia.es\/index.php\/wp-json\/wp\/v2\/users\/1"}],"replies":[{"embeddable":true,"href":"https:\/\/infogandia.es\/index.php\/wp-json\/wp\/v2\/comments?post=6356"}],"version-history":[{"count":1,"href":"https:\/\/infogandia.es\/index.php\/wp-json\/wp\/v2\/posts\/6356\/revisions"}],"predecessor-version":[{"id":6358,"href":"https:\/\/infogandia.es\/index.php\/wp-json\/wp\/v2\/posts\/6356\/revisions\/6358"}],"wp:featuredmedia":[{"embeddable":true,"href":"https:\/\/infogandia.es\/index.php\/wp-json\/wp\/v2\/media\/6357"}],"wp:attachment":[{"href":"https:\/\/infogandia.es\/index.php\/wp-json\/wp\/v2\/media?parent=6356"}],"wp:term":[{"taxonomy":"category","embeddable":true,"href":"https:\/\/infogandia.es\/index.php\/wp-json\/wp\/v2\/categories?post=6356"},{"taxonomy":"post_tag","embeddable":true,"href":"https:\/\/infogandia.es\/index.php\/wp-json\/wp\/v2\/tags?post=6356"}],"curies":[{"name":"wp","href":"https:\/\/api.w.org\/{rel}","templated":true}]}}