{"id":6371,"date":"2025-06-18T18:10:32","date_gmt":"2025-06-18T18:10:32","guid":{"rendered":"https:\/\/infogandia.es\/?p=6371"},"modified":"2025-06-18T18:10:32","modified_gmt":"2025-06-18T18:10:32","slug":"el-ies-veles-e-vents-presenta-una-proyeccion-de-falsos-documentales-creados-por-su-alumnado-de-imagen-y-sonido","status":"publish","type":"post","link":"https:\/\/infogandia.es\/index.php\/2025\/06\/18\/el-ies-veles-e-vents-presenta-una-proyeccion-de-falsos-documentales-creados-por-su-alumnado-de-imagen-y-sonido\/","title":{"rendered":"El IES Veles e Vents presenta una proyecci\u00f3n de falsos documentales creados por su alumnado de Imagen y Sonido"},"content":{"rendered":"\n<p>El pr\u00f3ximo <strong>jueves 19 de junio a las 19:30 horas<\/strong>, el <strong>Museo Fallero de Gand\u00eda<\/strong> ser\u00e1 escenario de un evento singular: la proyecci\u00f3n de <strong>cuatro falsos documentales<\/strong> realizados por el alumnado de 1\u00ba curso del ciclo formativo de <strong>Iluminaci\u00f3n, Captaci\u00f3n y Tratamiento de Imagen<\/strong> del <strong>IES Veles e Vents de Gand\u00eda<\/strong>.<\/p>\n\n\n\n<p>Estos trabajos audiovisuales son fruto de un intenso proceso creativo y t\u00e9cnico desarrollado a lo largo del curso. A trav\u00e9s del formato del falso documental, el alumnado ha explorado <strong>narrativas originales, cr\u00edticas y con toques de humor<\/strong>, aplicando sus conocimientos en direcci\u00f3n de fotograf\u00eda, montaje y tratamiento de imagen. El proyecto ha servido como una valiosa experiencia pr\u00e1ctica para acercarlos a los desaf\u00edos del mundo audiovisual profesional.<\/p>\n\n\n\n<p>La proyecci\u00f3n ser\u00e1 <strong>abierta al p\u00fablico<\/strong> y con <strong>entrada libre hasta completar aforo<\/strong>, ofreciendo una oportunidad \u00fanica para <strong>descubrir el talento emergente<\/strong> de j\u00f3venes creadores locales y conocer de cerca el trabajo que se lleva a cabo en la formaci\u00f3n profesional de la comarca.<\/p>\n\n\n\n<p><strong>Datos del evento<\/strong>:<br>\ud83d\udcc5 <strong>Fecha:<\/strong> Jueves, 19 de junio de 2025<br>\ud83d\udd62 <strong>Hora:<\/strong> 19:30 h<br>\ud83d\udccd <strong>Lugar:<\/strong> Museo Fallero de Gand\u00eda<br>\ud83c\udf9f\ufe0f <strong>Entrada libre hasta completar aforo<\/strong><\/p>\n\n\n\n<p><strong>Organiza:<\/strong> Departamento de Imagen y Sonido \u2013 IES Veles e Vents de Gand\u00eda<br><strong>Colabora:<\/strong> Museo Fallero de Gand\u00eda<\/p>\n","protected":false},"excerpt":{"rendered":"<p>El pr\u00f3ximo jueves 19 de junio a las 19:30 horas, el Museo Fallero de Gand\u00eda ser\u00e1 escenario de un evento singular: la proyecci\u00f3n de cuatro falsos documentales realizados por el alumnado de 1\u00ba curso del ciclo formativo de Iluminaci\u00f3n, Captaci\u00f3n y Tratamiento de Imagen del IES Veles e Vents de Gand\u00eda. Estos trabajos audiovisuales son&#8230;<\/p>\n","protected":false},"author":1,"featured_media":6368,"comment_status":"open","ping_status":"open","sticky":false,"template":"","format":"standard","meta":{"footnotes":""},"categories":[1,5],"tags":[],"class_list":["post-6371","post","type-post","status-publish","format-standard","has-post-thumbnail","hentry","category-actualidad","category-educacion"],"_links":{"self":[{"href":"https:\/\/infogandia.es\/index.php\/wp-json\/wp\/v2\/posts\/6371","targetHints":{"allow":["GET"]}}],"collection":[{"href":"https:\/\/infogandia.es\/index.php\/wp-json\/wp\/v2\/posts"}],"about":[{"href":"https:\/\/infogandia.es\/index.php\/wp-json\/wp\/v2\/types\/post"}],"author":[{"embeddable":true,"href":"https:\/\/infogandia.es\/index.php\/wp-json\/wp\/v2\/users\/1"}],"replies":[{"embeddable":true,"href":"https:\/\/infogandia.es\/index.php\/wp-json\/wp\/v2\/comments?post=6371"}],"version-history":[{"count":1,"href":"https:\/\/infogandia.es\/index.php\/wp-json\/wp\/v2\/posts\/6371\/revisions"}],"predecessor-version":[{"id":6372,"href":"https:\/\/infogandia.es\/index.php\/wp-json\/wp\/v2\/posts\/6371\/revisions\/6372"}],"wp:featuredmedia":[{"embeddable":true,"href":"https:\/\/infogandia.es\/index.php\/wp-json\/wp\/v2\/media\/6368"}],"wp:attachment":[{"href":"https:\/\/infogandia.es\/index.php\/wp-json\/wp\/v2\/media?parent=6371"}],"wp:term":[{"taxonomy":"category","embeddable":true,"href":"https:\/\/infogandia.es\/index.php\/wp-json\/wp\/v2\/categories?post=6371"},{"taxonomy":"post_tag","embeddable":true,"href":"https:\/\/infogandia.es\/index.php\/wp-json\/wp\/v2\/tags?post=6371"}],"curies":[{"name":"wp","href":"https:\/\/api.w.org\/{rel}","templated":true}]}}