{"id":6379,"date":"2025-06-18T18:17:55","date_gmt":"2025-06-18T18:17:55","guid":{"rendered":"https:\/\/infogandia.es\/?p=6379"},"modified":"2025-06-18T18:17:56","modified_gmt":"2025-06-18T18:17:56","slug":"exito-rotundo-del-triatlon-health-and-mind-de-oliva-con-record-de-participacion-y-alto-nivel-deportivo","status":"publish","type":"post","link":"https:\/\/infogandia.es\/index.php\/2025\/06\/18\/exito-rotundo-del-triatlon-health-and-mind-de-oliva-con-record-de-participacion-y-alto-nivel-deportivo\/","title":{"rendered":"\u00c9xito rotundo del Triatl\u00f3n Health and Mind de Oliva, con r\u00e9cord de participaci\u00f3n y alto nivel deportivo"},"content":{"rendered":"\n<p>La playa de Oliva vibr\u00f3 el pasado domingo con la celebraci\u00f3n del <strong>Triatl\u00f3n Health and Mind<\/strong>, que reuni\u00f3 a <strong>465 triatletas<\/strong> en una jornada marcada por el \u00e9xito organizativo, la gran afluencia de p\u00fablico y la disputa del <strong>Campeonato Auton\u00f3mico de Triatl\u00f3n Ol\u00edmpico No Drafting<\/strong> de la Comunitat Valenciana.<\/p>\n\n\n\n<p>La prueba, organizada con la colaboraci\u00f3n del Ayuntamiento de Oliva y la Federaci\u00f3n Valenciana de Triatl\u00f3n, ofrec\u00eda dos distancias en formato <em>no drafting<\/em> (sin posibilidad de ir a rueda): una prueba sprint (750 m de nataci\u00f3n, 20 km de ciclismo y 5 km de carrera a pie) y otra ol\u00edmpica (1.500-40-10), esta \u00faltima con las medallas auton\u00f3micas en juego. Aunque se trata de la segunda edici\u00f3n en esta nueva etapa, el <strong>Triatl\u00f3n de Oliva cuenta con m\u00e1s de 30 a\u00f1os de historia<\/strong>, siendo uno de los m\u00e1s longevos de todo el pa\u00eds.<\/p>\n\n\n\n<h3 class=\"wp-block-heading\">Aforo completo y gran ambiente<\/h3>\n\n\n\n<p>El cartel de <strong>inscripciones agotadas<\/strong> se colg\u00f3 semanas antes del evento, con una larga lista de espera que no pudo acceder por la ausencia de bajas. La afluencia de p\u00fablico fue tambi\u00e9n masiva, convirtiendo la zona de meta en un espacio de aut\u00e9ntica fiesta deportiva.<\/p>\n\n\n\n<p>En la distancia sprint, la victoria masculina fue para <strong>Dami\u00e1n Bevilacqua<\/strong>, que se escap\u00f3 en solitario en el segmento ciclista, imponi\u00e9ndose con un tiempo de 1h 18\u201901\u201d. Le siguieron <strong>Carlos Sebasti\u00e1n<\/strong> (a 42 segundos) e <strong>Iker Cotano<\/strong> (a poco m\u00e1s de un minuto). En la prueba femenina, el dominio fue absoluto para <strong>Ana Borr\u00e1s<\/strong>, quien tom\u00f3 el liderato desde el inicio del ciclismo y gan\u00f3 con m\u00e1s de 6 minutos de ventaja sobre <strong>Raquel Ballester<\/strong>. <strong>Cristina Pulido<\/strong>, del Club Triatl\u00f3n Gandia, complet\u00f3 el podio.<\/p>\n\n\n\n<h3 class=\"wp-block-heading\">Pablo Mart\u00ednez y Amanda Moro, campeones auton\u00f3micos<\/h3>\n\n\n\n<p>En la distancia ol\u00edmpica sin drafting, donde se decid\u00edan los t\u00edtulos auton\u00f3micos, la prueba masculina fue muy ajustada. <strong>Pablo Mart\u00ednez<\/strong> se proclam\u00f3 <strong>campe\u00f3n de la Comunitat Valenciana<\/strong> tras una carrera muy s\u00f3lida, venciendo por apenas 9 segundos a <strong>Miguel Risco<\/strong> y por 20 a <strong>Arnau Rosaleny<\/strong>. <strong>\u00d3scar Espinosa<\/strong> y <strong>Joan Monfort<\/strong> cerraron el Top-5.<\/p>\n\n\n\n<p>En la categor\u00eda femenina, la victoria fue para <strong>Amanda Moro<\/strong>, que remont\u00f3 en la carrera a pie hasta colocarse en cabeza y cruzar la meta con m\u00e1s de 3 minutos de ventaja sobre <strong>Elena Femenia<\/strong>, segunda clasificada. <strong>Sara Melitta<\/strong>, l\u00edder en nataci\u00f3n y ciclismo, tuvo que conformarse con el bronce tras perder ritmo en el tramo final, marcado por el fuerte calor en la zona del n\u00e1utico.<\/p>\n\n\n\n<p>La llegada a meta fue una aut\u00e9ntica fiesta gracias a la animaci\u00f3n musical de la famosa <strong>\u2018Funvan\u2019 de Dulcesol<\/strong>, con <strong>Vicent Sim\u00f3<\/strong> montando un espect\u00e1culo en directo con el apoyo de <strong>Vicky Foods<\/strong>. La jornada concluy\u00f3 con un completo <strong>avituallamiento final<\/strong> en el antiguo cine al aire libre de la playa de Oliva, con m\u00fasica en vivo, bebida y comida para cerrar de forma brillante un evento que ya se consolida como una cita imprescindible en el calendario del triatl\u00f3n auton\u00f3mico, y que en 2026 aspira a dar un nuevo salto de calidad.<\/p>\n","protected":false},"excerpt":{"rendered":"<p>La playa de Oliva vibr\u00f3 el pasado domingo con la celebraci\u00f3n del Triatl\u00f3n Health and Mind, que reuni\u00f3 a 465 triatletas en una jornada marcada por el \u00e9xito organizativo, la gran afluencia de p\u00fablico y la disputa del Campeonato Auton\u00f3mico de Triatl\u00f3n Ol\u00edmpico No Drafting de la Comunitat Valenciana. La prueba, organizada con la colaboraci\u00f3n&#8230;<\/p>\n","protected":false},"author":1,"featured_media":6380,"comment_status":"open","ping_status":"open","sticky":false,"template":"","format":"standard","meta":{"footnotes":""},"categories":[1,4],"tags":[],"class_list":["post-6379","post","type-post","status-publish","format-standard","has-post-thumbnail","hentry","category-actualidad","category-deporte"],"_links":{"self":[{"href":"https:\/\/infogandia.es\/index.php\/wp-json\/wp\/v2\/posts\/6379","targetHints":{"allow":["GET"]}}],"collection":[{"href":"https:\/\/infogandia.es\/index.php\/wp-json\/wp\/v2\/posts"}],"about":[{"href":"https:\/\/infogandia.es\/index.php\/wp-json\/wp\/v2\/types\/post"}],"author":[{"embeddable":true,"href":"https:\/\/infogandia.es\/index.php\/wp-json\/wp\/v2\/users\/1"}],"replies":[{"embeddable":true,"href":"https:\/\/infogandia.es\/index.php\/wp-json\/wp\/v2\/comments?post=6379"}],"version-history":[{"count":1,"href":"https:\/\/infogandia.es\/index.php\/wp-json\/wp\/v2\/posts\/6379\/revisions"}],"predecessor-version":[{"id":6381,"href":"https:\/\/infogandia.es\/index.php\/wp-json\/wp\/v2\/posts\/6379\/revisions\/6381"}],"wp:featuredmedia":[{"embeddable":true,"href":"https:\/\/infogandia.es\/index.php\/wp-json\/wp\/v2\/media\/6380"}],"wp:attachment":[{"href":"https:\/\/infogandia.es\/index.php\/wp-json\/wp\/v2\/media?parent=6379"}],"wp:term":[{"taxonomy":"category","embeddable":true,"href":"https:\/\/infogandia.es\/index.php\/wp-json\/wp\/v2\/categories?post=6379"},{"taxonomy":"post_tag","embeddable":true,"href":"https:\/\/infogandia.es\/index.php\/wp-json\/wp\/v2\/tags?post=6379"}],"curies":[{"name":"wp","href":"https:\/\/api.w.org\/{rel}","templated":true}]}}