{"id":6385,"date":"2025-06-25T10:02:48","date_gmt":"2025-06-25T10:02:48","guid":{"rendered":"https:\/\/infogandia.es\/?p=6385"},"modified":"2025-06-25T10:02:48","modified_gmt":"2025-06-25T10:02:48","slug":"accesos-colapsados-y-falta-de-agentes-lo-que-el-gobierno-no-te-cuenta-de-la-noche-de-san-juan-en-gandia","status":"publish","type":"post","link":"https:\/\/infogandia.es\/index.php\/2025\/06\/25\/accesos-colapsados-y-falta-de-agentes-lo-que-el-gobierno-no-te-cuenta-de-la-noche-de-san-juan-en-gandia\/","title":{"rendered":"ACCESOS COLAPSADOS Y FALTA DE AGENTES: LO QUE EL GOBIERNO NO TE CUENTA DE LA NOCHE DE SAN JUAN EN GANDIA"},"content":{"rendered":"\n<p>El Grupo Municipal Popular ha alzado la voz contra la gesti\u00f3n del gobierno local durante la pasada Noche de San Juan, denunciando una vez m\u00e1s la falta de planificaci\u00f3n y refuerzo policial en uno de los eventos m\u00e1s emblem\u00e1ticos del calendario festivo de la ciudad.<\/p>\n\n\n\n<p>El concejal responsable de seguridad, <strong>Vicent Gregori<\/strong>, ha se\u00f1alado que los <strong>vecinos de Gandia volvieron a sufrir las consecuencias de una organizaci\u00f3n deficiente<\/strong>, marcada por el colapso de los accesos a la playa y una preocupante ausencia de efectivos de la Polic\u00eda Local para gestionar el tr\u00e1fico. \u201cLo que est\u00e1 ocurriendo cada a\u00f1o en la noche de San Juan no es nuevo, pero s\u00ed cada vez m\u00e1s grave\u201d, ha asegurado Gregori. \u201cEl colapso fue total y evitable con una mayor presencia policial y una planificaci\u00f3n m\u00ednimamente efectiva\u201d.<\/p>\n\n\n\n<p>Gregori tambi\u00e9n ha puesto el foco en las <strong>obras de peatonalizaci\u00f3n de la Avinguda del Grau<\/strong>, que agravaron todav\u00eda m\u00e1s los problemas de movilidad. \u201cNo cuestionamos las obras, pero s\u00ed que el gobierno act\u00fae como si no existieran, ignorando su impacto real en fechas clave como esta\u201d, ha declarado.<\/p>\n\n\n\n<p>Por su parte, la concejala de Turismo, <strong>Mari Carmen Vidal<\/strong>, ha criticado que el ejecutivo act\u00fae \u201ccomo si estuviera gobernando un peque\u00f1o municipio y no una ciudad de <strong>83.000 habitantes<\/strong> con gran potencial tur\u00edstico\u201d. Vidal ha lamentado la <strong>falta de previsi\u00f3n y estrategia<\/strong> del gobierno local, que a su juicio est\u00e1 perdiendo una oportunidad de oro para convertir la Noche de San Juan en un aut\u00e9ntico escaparate tur\u00edstico. \u201cUna noche tan significativa deber\u00eda gestionarse con ambici\u00f3n, planificaci\u00f3n y visi\u00f3n de ciudad\u201d, ha afirmado.<\/p>\n\n\n\n<p>Desde el Partido Popular aseguran contar con <strong>propuestas m\u00e1s eficaces<\/strong> para la organizaci\u00f3n de este tipo de eventos, tanto en materia de seguridad como en promoci\u00f3n tur\u00edstica. \u201cEs hora de que Gandia est\u00e9 a la altura de su potencial. Con voluntad pol\u00edtica, planificaci\u00f3n y una visi\u00f3n ambiciosa, podemos transformar la Noche de San Juan en una celebraci\u00f3n segura, bien gestionada y capaz de proyectar nuestra ciudad como un referente tur\u00edstico en la Comunitat Valenciana\u201d, han concluido.<\/p>\n","protected":false},"excerpt":{"rendered":"<p>El Grupo Municipal Popular ha alzado la voz contra la gesti\u00f3n del gobierno local durante la pasada Noche de San Juan, denunciando una vez m\u00e1s la falta de planificaci\u00f3n y refuerzo policial en uno de los eventos m\u00e1s emblem\u00e1ticos del calendario festivo de la ciudad. El concejal responsable de seguridad, Vicent Gregori, ha se\u00f1alado que&#8230;<\/p>\n","protected":false},"author":1,"featured_media":6386,"comment_status":"open","ping_status":"open","sticky":false,"template":"","format":"standard","meta":{"footnotes":""},"categories":[1,27,57],"tags":[],"class_list":["post-6385","post","type-post","status-publish","format-standard","has-post-thumbnail","hentry","category-actualidad","category-sociedad","category-turismo"],"_links":{"self":[{"href":"https:\/\/infogandia.es\/index.php\/wp-json\/wp\/v2\/posts\/6385","targetHints":{"allow":["GET"]}}],"collection":[{"href":"https:\/\/infogandia.es\/index.php\/wp-json\/wp\/v2\/posts"}],"about":[{"href":"https:\/\/infogandia.es\/index.php\/wp-json\/wp\/v2\/types\/post"}],"author":[{"embeddable":true,"href":"https:\/\/infogandia.es\/index.php\/wp-json\/wp\/v2\/users\/1"}],"replies":[{"embeddable":true,"href":"https:\/\/infogandia.es\/index.php\/wp-json\/wp\/v2\/comments?post=6385"}],"version-history":[{"count":1,"href":"https:\/\/infogandia.es\/index.php\/wp-json\/wp\/v2\/posts\/6385\/revisions"}],"predecessor-version":[{"id":6387,"href":"https:\/\/infogandia.es\/index.php\/wp-json\/wp\/v2\/posts\/6385\/revisions\/6387"}],"wp:featuredmedia":[{"embeddable":true,"href":"https:\/\/infogandia.es\/index.php\/wp-json\/wp\/v2\/media\/6386"}],"wp:attachment":[{"href":"https:\/\/infogandia.es\/index.php\/wp-json\/wp\/v2\/media?parent=6385"}],"wp:term":[{"taxonomy":"category","embeddable":true,"href":"https:\/\/infogandia.es\/index.php\/wp-json\/wp\/v2\/categories?post=6385"},{"taxonomy":"post_tag","embeddable":true,"href":"https:\/\/infogandia.es\/index.php\/wp-json\/wp\/v2\/tags?post=6385"}],"curies":[{"name":"wp","href":"https:\/\/api.w.org\/{rel}","templated":true}]}}