{"id":6388,"date":"2025-06-25T15:28:33","date_gmt":"2025-06-25T15:28:33","guid":{"rendered":"https:\/\/infogandia.es\/?p=6388"},"modified":"2025-06-25T15:28:33","modified_gmt":"2025-06-25T15:28:33","slug":"palaudiovisual-regresa-este-verano-con-nueve-proyecciones-de-cine-y-una-opera-en-directo-en-el-palau-ducal-de-gandia","status":"publish","type":"post","link":"https:\/\/infogandia.es\/index.php\/2025\/06\/25\/palaudiovisual-regresa-este-verano-con-nueve-proyecciones-de-cine-y-una-opera-en-directo-en-el-palau-ducal-de-gandia\/","title":{"rendered":"Palaudiovisual regresa este verano con nueve proyecciones de cine y una \u00f3pera en directo en el Palau Ducal de Gandia"},"content":{"rendered":"\n<p>La programaci\u00f3n estival del Palau Ducal de Gandia contar\u00e1 un a\u00f1o m\u00e1s con la esperada iniciativa <strong>Palaudiovisual<\/strong>, que este 2025 ofrecer\u00e1 un total de <strong>nueve proyecciones cinematogr\u00e1ficas<\/strong> y una <strong>retransmisi\u00f3n en directo de la \u00f3pera <em>La traviata<\/em>, de Giuseppe Verdi<\/strong>.<\/p>\n\n\n\n<p>La presentaci\u00f3n oficial del ciclo ha tenido lugar hoy de la mano de la <strong>regidora delegada de Cultura, Balbina Sendra<\/strong>, y la <strong>directora del Palau Ducal, Estela Pellicer<\/strong>, quienes han destacado el car\u00e1cter consolidado y singular de esta propuesta cultural, que se desarrollar\u00e1 entre el <strong>2 de julio y el 27 de agosto<\/strong>, todos los mi\u00e9rcoles a partir de las <strong>22:00 h<\/strong>. Las sesiones se celebrar\u00e1n <strong>al aire libre y en versi\u00f3n original subtitulada<\/strong>, una se\u00f1a de identidad que ha convertido este evento en una de las citas m\u00e1s valoradas del verano cultural en la ciudad.<\/p>\n\n\n\n<p>Las pel\u00edculas seleccionadas para esta edici\u00f3n son:<\/p>\n\n\n\n<ul class=\"wp-block-list\">\n<li><em>Ruta Salvatge<\/em> (2 de julio)<\/li>\n\n\n\n<li><em>Bodeg\u00f3n con fantasmas<\/em> (9 de julio)<\/li>\n\n\n\n<li><em>T\u00fa no eres yo<\/em> (16 de julio)<\/li>\n\n\n\n<li><em>A Real Pain<\/em> (23 de julio)<\/li>\n\n\n\n<li><em>C\u00f3mo hacerse millonario antes de que muera la abuela<\/em> (30 de julio)<\/li>\n\n\n\n<li><em>Secretos de un crimen<\/em> (6 de agosto)<\/li>\n\n\n\n<li><em>Una ballena<\/em> (13 de agosto)<\/li>\n\n\n\n<li><em>Lo carga el diablo<\/em> (20 de agosto)<\/li>\n\n\n\n<li><em>Seul 12.12<\/em> (27 de agosto)<\/li>\n<\/ul>\n\n\n\n<p>Las entradas estar\u00e1n disponibles a partir del <strong>1 de julio<\/strong> en la web <a class=\"\" href=\"https:\/\/www.vivaticket.es\">vivaticket.es<\/a> y tambi\u00e9n se podr\u00e1n adquirir en el mismo Palau Ducal <strong>30 minutos antes del inicio de cada sesi\u00f3n<\/strong>, con un precio de <strong>3 \u20ac para silla<\/strong> y <strong>5 \u20ac para hamaca<\/strong>.<\/p>\n\n\n\n<h3 class=\"wp-block-heading\">Una experiencia cultural \u00fanica en un entorno hist\u00f3rico<\/h3>\n\n\n\n<p>Balbina Sendra ha subrayado que Palaudiovisual \u201ces ya una cita imprescindible del verano, con una cuidada programaci\u00f3n que se aleja del circuito comercial y apuesta por el cine de autor y de calidad, en la l\u00ednea del proyecto CinePot\u201d. Adem\u00e1s, ha destacado que \u201cesta propuesta se suma a una agenda estival repleta de actividades en la playa y en espacios patrimoniales como la Casa de Cultura, el Teatre Serrano o el Monestir de Sant Jeroni de Cotalba\u201d.<\/p>\n\n\n\n<p>Por su parte, Estela Pellicer ha resaltado el valor que esta iniciativa aporta al Palau Ducal: \u201cNo solo enriquece la oferta cultural de Gandia, sino que tambi\u00e9n da vida a este emblem\u00e1tico espacio. Palaudiovisual ya es un cl\u00e1sico muy esperado por el p\u00fablico local cada verano\u201d.<\/p>\n\n\n\n<h3 class=\"wp-block-heading\">Retransmisi\u00f3n en directo de <em>La traviata<\/em><\/h3>\n\n\n\n<p>Como novedad destacada de este a\u00f1o, el programa incluir\u00e1 una <strong>sesi\u00f3n especial de \u00f3pera al aire libre<\/strong> en el marco del <strong>10.\u00ba aniversario de la Semana de la \u00d3pera<\/strong>, promovida por el Teatro Real. El p\u00fablico de Gandia podr\u00e1 disfrutar en directo de <strong>La traviata<\/strong>, de Giuseppe Verdi, el <strong>s\u00e1bado 19 de julio a las 21:00 h<\/strong>, con <strong>acceso libre hasta completar aforo<\/strong>.<\/p>\n\n\n\n<p>La producci\u00f3n, realizada por la <strong>Dutch National Opera &amp; Ballet<\/strong>, contar\u00e1 con la participaci\u00f3n del <strong>Coro y la Orquesta Titulares del Teatro Real<\/strong>, y tendr\u00e1 una duraci\u00f3n de <strong>2 horas y 45 minutos<\/strong> (con descanso incluido). Ser\u00e1 una ocasi\u00f3n \u00fanica para disfrutar de esta obra maestra del repertorio l\u00edrico en un formato accesible y en un enclave inigualable como el Palau Ducal.<\/p>\n\n\n\n<p>Pellicer ha animado a toda la ciudadan\u00eda y visitantes a participar: \u201cOs esperamos cada mi\u00e9rcoles a partir del 2 de julio para disfrutar juntos del mejor cine y cultura en el Palau\u201d.<\/p>\n","protected":false},"excerpt":{"rendered":"<p>La programaci\u00f3n estival del Palau Ducal de Gandia contar\u00e1 un a\u00f1o m\u00e1s con la esperada iniciativa Palaudiovisual, que este 2025 ofrecer\u00e1 un total de nueve proyecciones cinematogr\u00e1ficas y una retransmisi\u00f3n en directo de la \u00f3pera La traviata, de Giuseppe Verdi. La presentaci\u00f3n oficial del ciclo ha tenido lugar hoy de la mano de la regidora&#8230;<\/p>\n","protected":false},"author":1,"featured_media":6389,"comment_status":"open","ping_status":"open","sticky":false,"template":"","format":"standard","meta":{"footnotes":""},"categories":[1,27],"tags":[],"class_list":["post-6388","post","type-post","status-publish","format-standard","has-post-thumbnail","hentry","category-actualidad","category-sociedad"],"_links":{"self":[{"href":"https:\/\/infogandia.es\/index.php\/wp-json\/wp\/v2\/posts\/6388","targetHints":{"allow":["GET"]}}],"collection":[{"href":"https:\/\/infogandia.es\/index.php\/wp-json\/wp\/v2\/posts"}],"about":[{"href":"https:\/\/infogandia.es\/index.php\/wp-json\/wp\/v2\/types\/post"}],"author":[{"embeddable":true,"href":"https:\/\/infogandia.es\/index.php\/wp-json\/wp\/v2\/users\/1"}],"replies":[{"embeddable":true,"href":"https:\/\/infogandia.es\/index.php\/wp-json\/wp\/v2\/comments?post=6388"}],"version-history":[{"count":1,"href":"https:\/\/infogandia.es\/index.php\/wp-json\/wp\/v2\/posts\/6388\/revisions"}],"predecessor-version":[{"id":6390,"href":"https:\/\/infogandia.es\/index.php\/wp-json\/wp\/v2\/posts\/6388\/revisions\/6390"}],"wp:featuredmedia":[{"embeddable":true,"href":"https:\/\/infogandia.es\/index.php\/wp-json\/wp\/v2\/media\/6389"}],"wp:attachment":[{"href":"https:\/\/infogandia.es\/index.php\/wp-json\/wp\/v2\/media?parent=6388"}],"wp:term":[{"taxonomy":"category","embeddable":true,"href":"https:\/\/infogandia.es\/index.php\/wp-json\/wp\/v2\/categories?post=6388"},{"taxonomy":"post_tag","embeddable":true,"href":"https:\/\/infogandia.es\/index.php\/wp-json\/wp\/v2\/tags?post=6388"}],"curies":[{"name":"wp","href":"https:\/\/api.w.org\/{rel}","templated":true}]}}