{"id":6394,"date":"2025-06-25T15:31:37","date_gmt":"2025-06-25T15:31:37","guid":{"rendered":"https:\/\/infogandia.es\/?p=6394"},"modified":"2025-06-25T15:31:37","modified_gmt":"2025-06-25T15:31:37","slug":"lajuntament-de-gandia-condemna-els-ultims-assassinats-masclistes-i-reafirma-el-seu-compromis-en-la-lluita-contra-la-violencia-de-genere","status":"publish","type":"post","link":"https:\/\/infogandia.es\/index.php\/2025\/06\/25\/lajuntament-de-gandia-condemna-els-ultims-assassinats-masclistes-i-reafirma-el-seu-compromis-en-la-lluita-contra-la-violencia-de-genere\/","title":{"rendered":"L\u2019Ajuntament de Gandia condemna els \u00faltims assassinats masclistes i reafirma el seu comprom\u00eds en la lluita contra la viol\u00e8ncia de g\u00e8nere"},"content":{"rendered":"\n<p>\u00a1L\u2019Ajuntament de Gandia ha expressat p\u00fablicament el seu <strong>rebuig i condemna m\u00e9s en\u00e8rgica<\/strong> davant els \u00faltims casos d\u2019assassinats per viol\u00e8ncia masclista confirmats per la Delegaci\u00f3 del Govern per a la Viol\u00e8ncia de G\u00e8nere.<\/p>\n\n\n\n<p>Des de la darrera convocat\u00f2ria, s\u2019han confirmat <strong>tres nous assassinats<\/strong>:<\/p>\n\n\n\n<ul class=\"wp-block-list\">\n<li><strong>C\u00e0ceres (27 de maig):<\/strong> Una dona de 38 anys ha estat assassinada presumptament per la seua parella. La v\u00edctima deixa un fill menor d\u2019edat. No constaven den\u00fancies pr\u00e8vies per viol\u00e8ncia de g\u00e8nere contra l\u2019agressor.<\/li>\n\n\n\n<li><strong>Bizkaia (30 de maig):<\/strong> Una menor de 13 anys ha estat assassinada presumptament pel seu pare, de 43 anys, qui posteriorment s\u2019ha su\u00efcidat. Tampoc hi havia den\u00fancies pr\u00e8vies interposades per part de la mare.<\/li>\n\n\n\n<li><strong>M\u00e0laga (7 de juny):<\/strong> Una dona de 50 anys ha estat assassinada, tamb\u00e9 presumptament per la seua parella de 47 anys. No tenia fills ni filles menors d\u2019edat ni constaven den\u00fancies anteriors.<\/li>\n<\/ul>\n\n\n\n<p>Amb aquests casos, el <strong>nombre total de dones assassinades per viol\u00e8ncia de g\u00e8nere a Espanya el 2025 ascendeix ja a 13<\/strong>, mentre que s\u00f3n <strong>2 els menors d\u2019edat assassinats<\/strong>. Des de l\u2019any 2003, <strong>1.307 dones han estat assassinades<\/strong> per aquesta causa, i des de 2013, s\u2019han comptabilitzat <strong>64 menors assassinats<\/strong> i <strong>478 orfes i \u00f2rfenes menors d\u2019edat<\/strong>.<\/p>\n\n\n\n<p>L\u2019Ajuntament ha volgut recordar que <strong>la viol\u00e8ncia masclista \u00e9s una greu vulneraci\u00f3 dels drets humans<\/strong> i ha reiterat el seu comprom\u00eds amb <strong>les pol\u00edtiques p\u00fabliques de prevenci\u00f3, sensibilitzaci\u00f3 i protecci\u00f3 de les v\u00edctimes<\/strong>, aix\u00ed com la <strong>necessitat d\u2019un treball conjunt entre institucions i societat per a erradicar aquesta xacra<\/strong>.<\/p>\n\n\n\n<h3 class=\"wp-block-heading\">Recursos d\u2019ajuda i atenci\u00f3:<\/h3>\n\n\n\n<ul class=\"wp-block-list\">\n<li><strong>016:<\/strong> Tel\u00e8fon gratu\u00eft d\u2019atenci\u00f3 a v\u00edctimes de viol\u00e8ncia de g\u00e8nere. No deixa rastre en la factura, per\u00f2 pot apar\u00e9ixer al registre de telefonades.<\/li>\n\n\n\n<li><strong>96 295 95 28:<\/strong> \u00c0rea d\u2019Igualtat, Diversitat i LGTBI de Gandia.<\/li>\n\n\n\n<li><strong>96 287 88 00 \/ 96 287 88 01:<\/strong> Policia Local de Gandia.<\/li>\n\n\n\n<li><strong>091:<\/strong> Policia Nacional.<\/li>\n\n\n\n<li><strong>112:<\/strong> Emerg\u00e8ncies.<\/li>\n<\/ul>\n\n\n\n<p>La <strong>Delegaci\u00f3 d\u2019Igualtat, Diversitat i LGTBI de Gandia<\/strong> fa una crida a la ciutadania perqu\u00e8 no mire cap a un altre costat i participe activament en la den\u00fancia i la prevenci\u00f3 de qualsevol forma de viol\u00e8ncia contra les dones.<\/p>\n","protected":false},"excerpt":{"rendered":"<p>\u00a1L\u2019Ajuntament de Gandia ha expressat p\u00fablicament el seu rebuig i condemna m\u00e9s en\u00e8rgica davant els \u00faltims casos d\u2019assassinats per viol\u00e8ncia masclista confirmats per la Delegaci\u00f3 del Govern per a la Viol\u00e8ncia de G\u00e8nere. Des de la darrera convocat\u00f2ria, s\u2019han confirmat tres nous assassinats: Amb aquests casos, el nombre total de dones assassinades per viol\u00e8ncia de&#8230;<\/p>\n","protected":false},"author":1,"featured_media":6395,"comment_status":"open","ping_status":"open","sticky":false,"template":"","format":"standard","meta":{"footnotes":""},"categories":[1,27],"tags":[],"class_list":["post-6394","post","type-post","status-publish","format-standard","has-post-thumbnail","hentry","category-actualidad","category-sociedad"],"_links":{"self":[{"href":"https:\/\/infogandia.es\/index.php\/wp-json\/wp\/v2\/posts\/6394","targetHints":{"allow":["GET"]}}],"collection":[{"href":"https:\/\/infogandia.es\/index.php\/wp-json\/wp\/v2\/posts"}],"about":[{"href":"https:\/\/infogandia.es\/index.php\/wp-json\/wp\/v2\/types\/post"}],"author":[{"embeddable":true,"href":"https:\/\/infogandia.es\/index.php\/wp-json\/wp\/v2\/users\/1"}],"replies":[{"embeddable":true,"href":"https:\/\/infogandia.es\/index.php\/wp-json\/wp\/v2\/comments?post=6394"}],"version-history":[{"count":1,"href":"https:\/\/infogandia.es\/index.php\/wp-json\/wp\/v2\/posts\/6394\/revisions"}],"predecessor-version":[{"id":6396,"href":"https:\/\/infogandia.es\/index.php\/wp-json\/wp\/v2\/posts\/6394\/revisions\/6396"}],"wp:featuredmedia":[{"embeddable":true,"href":"https:\/\/infogandia.es\/index.php\/wp-json\/wp\/v2\/media\/6395"}],"wp:attachment":[{"href":"https:\/\/infogandia.es\/index.php\/wp-json\/wp\/v2\/media?parent=6394"}],"wp:term":[{"taxonomy":"category","embeddable":true,"href":"https:\/\/infogandia.es\/index.php\/wp-json\/wp\/v2\/categories?post=6394"},{"taxonomy":"post_tag","embeddable":true,"href":"https:\/\/infogandia.es\/index.php\/wp-json\/wp\/v2\/tags?post=6394"}],"curies":[{"name":"wp","href":"https:\/\/api.w.org\/{rel}","templated":true}]}}