{"id":6397,"date":"2025-06-26T07:10:42","date_gmt":"2025-06-26T07:10:42","guid":{"rendered":"https:\/\/infogandia.es\/?p=6397"},"modified":"2025-06-26T07:10:42","modified_gmt":"2025-06-26T07:10:42","slug":"la-diputacion-de-valencia-reivindica-en-europa-su-gestion-ejemplar-tras-la-dana-con-una-inversion-de-200-millones-de-euros-y-soporte-tecnico","status":"publish","type":"post","link":"https:\/\/infogandia.es\/index.php\/2025\/06\/26\/la-diputacion-de-valencia-reivindica-en-europa-su-gestion-ejemplar-tras-la-dana-con-una-inversion-de-200-millones-de-euros-y-soporte-tecnico\/","title":{"rendered":"La Diputaci\u00f3n de Valencia reivindica en Europa su gesti\u00f3n ejemplar tras la DANA con una inversi\u00f3n de 200 millones de euros y soporte t\u00e9cnico"},"content":{"rendered":"\n<p>La Diputaci\u00f3n de Valencia ha defendido en Europa su modelo de gesti\u00f3n tras la DANA que azot\u00f3 a la provincia, destacando una inversi\u00f3n cercana a los 200 millones de euros y un s\u00f3lido respaldo t\u00e9cnico a los municipios afectados. La vicepresidenta primera, Nat\u00e0lia Enguix; la vicepresidenta segunda, Reme Mazzolari; y el diputado de Fondos Europeos, Juan Ram\u00f3n Adsuara, han participado en la 18\u00aa Conferencia Nacional para Gobiernos Locales celebrada en Varsovia y organizada por el Banco Nacional de Econom\u00eda de Polonia (BGK), centrada en la resiliencia ante cat\u00e1strofes.<\/p>\n\n\n\n<p>Durante el simposio, los representantes de la Diputaci\u00f3n han puesto en valor la respuesta inmediata de la instituci\u00f3n tras el desastre natural, subrayando la movilizaci\u00f3n de recursos para restituir servicios b\u00e1sicos, reconstruir infraestructuras da\u00f1adas y ofrecer asistencia t\u00e9cnica a los ayuntamientos.<\/p>\n\n\n\n<p>Reme Mazzolari, responsable del \u00e1rea de Carreteras, ha reivindicado el papel clave de las administraciones intermedias, como las diputaciones, por su cercan\u00eda con los municipios. \u201cSe actu\u00f3 con inmediatez, destinando los fondos a limpieza de garajes, restituci\u00f3n de puentes, carreteras y comunicaciones, adem\u00e1s de asegurar el abastecimiento de agua potable y el funcionamiento de depuradoras&#8221;, se\u00f1al\u00f3. La vicepresidenta tambi\u00e9n record\u00f3 que la DANA caus\u00f3 da\u00f1os estructurales en casi un centenar de municipios, con p\u00e9rdidas superiores a los 1.300 millones de euros.<\/p>\n\n\n\n<p>Por su parte, Nat\u00e0lia Enguix present\u00f3 el proyecto de regeneraci\u00f3n del barrio de La Cantereria, en Ontinyent, como ejemplo de resiliencia urbana y adaptaci\u00f3n al cambio clim\u00e1tico. Tras las evacuaciones forzosas en 2019 y 2020 por la DANA y la borrasca Gloria, el Ayuntamiento decidi\u00f3 transformar la zona en un parque inundable. &#8220;Fue una decisi\u00f3n valiente del alcalde Jorge Rodr\u00edguez, que ha culminado en una actuaci\u00f3n ambiental y social reconocida a nivel nacional e internacional&#8221;, explic\u00f3 Enguix.<\/p>\n\n\n\n<p>El proyecto, con una inversi\u00f3n cercana a los cinco millones de euros y el apoyo de varias administraciones, ha permitido eliminar el riesgo de inundaci\u00f3n para los residentes, estabilizar el entorno y crear un espacio verde funcional que act\u00faa como barrera natural frente a las crecidas del r\u00edo Clariano.<\/p>\n\n\n\n<p>El jefe de gabinete de Vicepresidencia de Ontinyent, Ricard Gallego, reforz\u00f3 este mensaje: \u201cHay que devolver al r\u00edo lo que es del r\u00edo. La seguridad de las personas debe estar por encima de todo\u201d. Seg\u00fan Gallego, el caso de Ontinyent se ha convertido en un referente internacional en cuanto a planificaci\u00f3n urbana frente al cambio clim\u00e1tico.<\/p>\n\n\n\n<p>Finalmente, Juan Ram\u00f3n Adsuara, alcalde de Alfafar y diputado de Fondos Europeos, comparti\u00f3 la experiencia de su municipio, epicentro de la DANA. Destac\u00f3 la respuesta inmediata del consistorio, con la activaci\u00f3n de puntos de distribuci\u00f3n de ayuda, atenci\u00f3n a personas dependientes y las primeras tareas de limpieza. Adem\u00e1s, hizo hincapi\u00e9 en la necesidad de incluir la salud mental en los planes de respuesta a cat\u00e1strofes: \u201cNo solo se reconstruyen calles, tambi\u00e9n hay que reconstruir vidas\u201d.<\/p>\n\n\n\n<p>La intervenci\u00f3n valenciana en la conferencia de Varsovia refuerza la imagen de la Diputaci\u00f3n como una administraci\u00f3n preparada, comprometida y con visi\u00f3n a largo plazo para afrontar crisis clim\u00e1ticas, bajo el principio com\u00fan de \u201cdevolver al r\u00edo aquello que es del r\u00edo y evitar que las personas habiten zonas inundables\u201d.<\/p>\n","protected":false},"excerpt":{"rendered":"<p>La Diputaci\u00f3n de Valencia ha defendido en Europa su modelo de gesti\u00f3n tras la DANA que azot\u00f3 a la provincia, destacando una inversi\u00f3n cercana a los 200 millones de euros y un s\u00f3lido respaldo t\u00e9cnico a los municipios afectados. La vicepresidenta primera, Nat\u00e0lia Enguix; la vicepresidenta segunda, Reme Mazzolari; y el diputado de Fondos Europeos,&#8230;<\/p>\n","protected":false},"author":1,"featured_media":6398,"comment_status":"open","ping_status":"open","sticky":false,"template":"","format":"standard","meta":{"footnotes":""},"categories":[1,3],"tags":[],"class_list":["post-6397","post","type-post","status-publish","format-standard","has-post-thumbnail","hentry","category-actualidad","category-politica"],"_links":{"self":[{"href":"https:\/\/infogandia.es\/index.php\/wp-json\/wp\/v2\/posts\/6397","targetHints":{"allow":["GET"]}}],"collection":[{"href":"https:\/\/infogandia.es\/index.php\/wp-json\/wp\/v2\/posts"}],"about":[{"href":"https:\/\/infogandia.es\/index.php\/wp-json\/wp\/v2\/types\/post"}],"author":[{"embeddable":true,"href":"https:\/\/infogandia.es\/index.php\/wp-json\/wp\/v2\/users\/1"}],"replies":[{"embeddable":true,"href":"https:\/\/infogandia.es\/index.php\/wp-json\/wp\/v2\/comments?post=6397"}],"version-history":[{"count":1,"href":"https:\/\/infogandia.es\/index.php\/wp-json\/wp\/v2\/posts\/6397\/revisions"}],"predecessor-version":[{"id":6399,"href":"https:\/\/infogandia.es\/index.php\/wp-json\/wp\/v2\/posts\/6397\/revisions\/6399"}],"wp:featuredmedia":[{"embeddable":true,"href":"https:\/\/infogandia.es\/index.php\/wp-json\/wp\/v2\/media\/6398"}],"wp:attachment":[{"href":"https:\/\/infogandia.es\/index.php\/wp-json\/wp\/v2\/media?parent=6397"}],"wp:term":[{"taxonomy":"category","embeddable":true,"href":"https:\/\/infogandia.es\/index.php\/wp-json\/wp\/v2\/categories?post=6397"},{"taxonomy":"post_tag","embeddable":true,"href":"https:\/\/infogandia.es\/index.php\/wp-json\/wp\/v2\/tags?post=6397"}],"curies":[{"name":"wp","href":"https:\/\/api.w.org\/{rel}","templated":true}]}}