{"id":6403,"date":"2025-06-26T07:12:30","date_gmt":"2025-06-26T07:12:30","guid":{"rendered":"https:\/\/infogandia.es\/?p=6403"},"modified":"2025-06-26T07:12:36","modified_gmt":"2025-06-26T07:12:36","slug":"terra-mercat-regresa-a-marxuquera-con-nuevo-formato-nocturno-el-proximo-28-de-junio","status":"publish","type":"post","link":"https:\/\/infogandia.es\/index.php\/2025\/06\/26\/terra-mercat-regresa-a-marxuquera-con-nuevo-formato-nocturno-el-proximo-28-de-junio\/","title":{"rendered":"Terra Mercat regresa a Marxuquera con nuevo formato nocturno el pr\u00f3ximo 28 de junio"},"content":{"rendered":"\n<p>El pr\u00f3ximo s\u00e1bado 28 de junio, Marxuquera acoger\u00e1 una nueva edici\u00f3n de <em>Terra Mercat<\/em>, el mercado de proximidad de la zona, que este a\u00f1o llega con novedades tanto en su formato como en la programaci\u00f3n. La cita tendr\u00e1 lugar en la plaza de la Ermita de Marxuquera, en horario nocturno, de 20:00 a 24:00 horas.<\/p>\n\n\n\n<p>Los asistentes no solo podr\u00e1n visitar los puestos de productos locales, sino tambi\u00e9n disfrutar de actividades complementarias dirigidas a todos los p\u00fablicos. Entre ellas, se incluye una cena de \u2018sobaquillo\u2019 organizada por la Asociaci\u00f3n de Fiestas de Marxuquera, un taller infantil y una actuaci\u00f3n musical para animar la velada.<\/p>\n\n\n\n<p>El concejal Gil ha animado a la ciudadan\u00eda a participar y disfrutar de una noche de verano diferente en un entorno privilegiado. \u201cEsperamos que todo el mundo pueda acudir y disfrutar tanto del mercado como del espacio de la Ermita de Marxuquera en verano, un lugar estupendo para pasar una noche estival\u201d, ha declarado.<\/p>\n","protected":false},"excerpt":{"rendered":"<p>El pr\u00f3ximo s\u00e1bado 28 de junio, Marxuquera acoger\u00e1 una nueva edici\u00f3n de Terra Mercat, el mercado de proximidad de la zona, que este a\u00f1o llega con novedades tanto en su formato como en la programaci\u00f3n. La cita tendr\u00e1 lugar en la plaza de la Ermita de Marxuquera, en horario nocturno, de 20:00 a 24:00 horas&#8230;.<\/p>\n","protected":false},"author":1,"featured_media":6404,"comment_status":"open","ping_status":"open","sticky":false,"template":"","format":"standard","meta":{"footnotes":""},"categories":[1],"tags":[],"class_list":["post-6403","post","type-post","status-publish","format-standard","has-post-thumbnail","hentry","category-actualidad"],"_links":{"self":[{"href":"https:\/\/infogandia.es\/index.php\/wp-json\/wp\/v2\/posts\/6403","targetHints":{"allow":["GET"]}}],"collection":[{"href":"https:\/\/infogandia.es\/index.php\/wp-json\/wp\/v2\/posts"}],"about":[{"href":"https:\/\/infogandia.es\/index.php\/wp-json\/wp\/v2\/types\/post"}],"author":[{"embeddable":true,"href":"https:\/\/infogandia.es\/index.php\/wp-json\/wp\/v2\/users\/1"}],"replies":[{"embeddable":true,"href":"https:\/\/infogandia.es\/index.php\/wp-json\/wp\/v2\/comments?post=6403"}],"version-history":[{"count":1,"href":"https:\/\/infogandia.es\/index.php\/wp-json\/wp\/v2\/posts\/6403\/revisions"}],"predecessor-version":[{"id":6405,"href":"https:\/\/infogandia.es\/index.php\/wp-json\/wp\/v2\/posts\/6403\/revisions\/6405"}],"wp:featuredmedia":[{"embeddable":true,"href":"https:\/\/infogandia.es\/index.php\/wp-json\/wp\/v2\/media\/6404"}],"wp:attachment":[{"href":"https:\/\/infogandia.es\/index.php\/wp-json\/wp\/v2\/media?parent=6403"}],"wp:term":[{"taxonomy":"category","embeddable":true,"href":"https:\/\/infogandia.es\/index.php\/wp-json\/wp\/v2\/categories?post=6403"},{"taxonomy":"post_tag","embeddable":true,"href":"https:\/\/infogandia.es\/index.php\/wp-json\/wp\/v2\/tags?post=6403"}],"curies":[{"name":"wp","href":"https:\/\/api.w.org\/{rel}","templated":true}]}}