{"id":6406,"date":"2025-06-26T18:56:33","date_gmt":"2025-06-26T18:56:33","guid":{"rendered":"https:\/\/infogandia.es\/?p=6406"},"modified":"2025-06-26T18:56:34","modified_gmt":"2025-06-26T18:56:34","slug":"la-ume-realiza-ejercicios-de-salvamento-acuatico-en-gandia","status":"publish","type":"post","link":"https:\/\/infogandia.es\/index.php\/2025\/06\/26\/la-ume-realiza-ejercicios-de-salvamento-acuatico-en-gandia\/","title":{"rendered":"La UME realiza ejercicios de salvamento acu\u00e1tico en Gandia"},"content":{"rendered":"\n<p>Varios veh\u00edculos militares del Tercer Batall\u00f3n de Intervenci\u00f3n en Emergencias (BIEM III), con base en la instalaci\u00f3n militar Jaime I de B\u00e9tera, se encuentra desde esta ma\u00f1ana en el Espai Baladre de la Playa de Gandia, como parte de un ejercicio de salvamento acu\u00e1tico previsto para esta tarde en la playa de los Marenys de Rafalcaid.<\/p>\n\n\n\n<p>Durante el simulacro, tres embarcaciones acceder\u00e1n al mar desde el embarcadero de Sant Nicolau, navegando por el puerto hasta llegar a mar abierta, donde se llevar\u00e1 a cabo un rescate simulado frente a la playa de los Marenys, en la desembocadura del r\u00edo Serpis. En el ejercicio se utilizar\u00e1n todos los medios disponibles de la UME para este tipo de intervenciones.<\/p>\n\n\n\n<p>La concejala de Protecci\u00f3n, Seguridad y Convivencia, Lydia Morant, y el presidente de la Junta de Distrito del Grau, Miguel \u00c1ngel Picornell, han dado la bienvenida al cuerpo militar y han elogiado la profesionalidad con la que la UME act\u00faa en esta y otras situaciones de emergencia.<\/p>\n\n\n\n<p>Ma\u00f1ana por la ma\u00f1ana, a partir de las 07:00 h, la compa\u00f1\u00eda realizar\u00e1 un entrenamiento por el Paseo Mar\u00edtimo Neptuno hasta el final de la playa, seguido de una prueba de nataci\u00f3n de 800 metros, antes de regresar a su base.<\/p>\n","protected":false},"excerpt":{"rendered":"<p>Varios veh\u00edculos militares del Tercer Batall\u00f3n de Intervenci\u00f3n en Emergencias (BIEM III), con base en la instalaci\u00f3n militar Jaime I de B\u00e9tera, se encuentra desde esta ma\u00f1ana en el Espai Baladre de la Playa de Gandia, como parte de un ejercicio de salvamento acu\u00e1tico previsto para esta tarde en la playa de los Marenys de&#8230;<\/p>\n","protected":false},"author":1,"featured_media":6407,"comment_status":"open","ping_status":"open","sticky":false,"template":"","format":"standard","meta":{"footnotes":""},"categories":[1,27],"tags":[],"class_list":["post-6406","post","type-post","status-publish","format-standard","has-post-thumbnail","hentry","category-actualidad","category-sociedad"],"_links":{"self":[{"href":"https:\/\/infogandia.es\/index.php\/wp-json\/wp\/v2\/posts\/6406","targetHints":{"allow":["GET"]}}],"collection":[{"href":"https:\/\/infogandia.es\/index.php\/wp-json\/wp\/v2\/posts"}],"about":[{"href":"https:\/\/infogandia.es\/index.php\/wp-json\/wp\/v2\/types\/post"}],"author":[{"embeddable":true,"href":"https:\/\/infogandia.es\/index.php\/wp-json\/wp\/v2\/users\/1"}],"replies":[{"embeddable":true,"href":"https:\/\/infogandia.es\/index.php\/wp-json\/wp\/v2\/comments?post=6406"}],"version-history":[{"count":1,"href":"https:\/\/infogandia.es\/index.php\/wp-json\/wp\/v2\/posts\/6406\/revisions"}],"predecessor-version":[{"id":6408,"href":"https:\/\/infogandia.es\/index.php\/wp-json\/wp\/v2\/posts\/6406\/revisions\/6408"}],"wp:featuredmedia":[{"embeddable":true,"href":"https:\/\/infogandia.es\/index.php\/wp-json\/wp\/v2\/media\/6407"}],"wp:attachment":[{"href":"https:\/\/infogandia.es\/index.php\/wp-json\/wp\/v2\/media?parent=6406"}],"wp:term":[{"taxonomy":"category","embeddable":true,"href":"https:\/\/infogandia.es\/index.php\/wp-json\/wp\/v2\/categories?post=6406"},{"taxonomy":"post_tag","embeddable":true,"href":"https:\/\/infogandia.es\/index.php\/wp-json\/wp\/v2\/tags?post=6406"}],"curies":[{"name":"wp","href":"https:\/\/api.w.org\/{rel}","templated":true}]}}