{"id":6409,"date":"2025-06-27T10:55:55","date_gmt":"2025-06-27T10:55:55","guid":{"rendered":"https:\/\/infogandia.es\/?p=6409"},"modified":"2025-06-27T10:55:55","modified_gmt":"2025-06-27T10:55:55","slug":"las-playas-de-oliva-inician-el-verano-con-el-izado-de-las-banderas-azules-de-calidad-qualitur-y-de-europa","status":"publish","type":"post","link":"https:\/\/infogandia.es\/index.php\/2025\/06\/27\/las-playas-de-oliva-inician-el-verano-con-el-izado-de-las-banderas-azules-de-calidad-qualitur-y-de-europa\/","title":{"rendered":"Las playas de Oliva inician el verano con el izado de las Banderas Azules, de Calidad, Qualitur y de Europa"},"content":{"rendered":"\n<p>El Ayuntamiento de Oliva ha inaugurado oficialmente la temporada de verano con el acto simb\u00f3lico del izado de las Banderas Azules, de Calidad, Qualitur y de Europa en sus playas. Estos distintivos certifican el compromiso del municipio con la sostenibilidad, la seguridad y la excelencia en la gesti\u00f3n del litoral.<\/p>\n\n\n\n<p>La Bandera Azul reconoce la calidad medioambiental y de los servicios ofrecidos, mientras que las Banderas de Calidad y Qualitur reflejan una gesti\u00f3n responsable y sostenible del entorno costero. Por su parte, la Bandera de Europa refuerza el posicionamiento de Oliva como un destino tur\u00edstico de alta calidad.<\/p>\n\n\n\n<p>Al acto han asistido representantes de los servicios esenciales que garantizan el buen funcionamiento de la temporada de playas:<\/p>\n\n\n\n<ul class=\"wp-block-list\">\n<li>El equipo de limpieza de la empresa <strong>SAV Agricultores de la Vega<\/strong>, que asegura playas limpias mediante trabajos manuales y maquinaria avanzada, respetando tanto la arena como las dunas naturales.<\/li>\n\n\n\n<li>El personal de <strong>Provita<\/strong>, responsable del servicio de salvamento y socorrismo, que act\u00faa con rapidez y eficacia ante cualquier emergencia.<\/li>\n\n\n\n<li>Los agentes de la <strong>Polic\u00eda Local<\/strong>, encargados de velar por la seguridad mar\u00edtima y controlar el uso adecuado de la zona de ba\u00f1o y las actividades n\u00e1uticas.<\/li>\n\n\n\n<li>La <strong>Cruz Roja<\/strong>, que ofrece un servicio de acompa\u00f1amiento al ba\u00f1o adaptado para personas con movilidad reducida, favoreciendo as\u00ed unas playas m\u00e1s inclusivas y accesibles para todos.<\/li>\n<\/ul>\n\n\n\n<p>Estos servicios son fundamentales para garantizar una experiencia \u00f3ptima en nuestras playas. No solo velan por el bienestar y la tranquilidad de los ba\u00f1istas, sino que tambi\u00e9n contribuyen a preservar el entorno natural, refuerzan la seguridad de las actividades y promueven la igualdad en el acceso a los espacios costeros.<\/p>\n\n\n\n<p>Como novedad destacada este a\u00f1o, se ha reforzado la vigilancia a lo largo de todo el litoral de Oliva. A diferencia de a\u00f1os anteriores, donde algunos tramos carec\u00edan de cobertura, este verano toda la playa cuenta con servicio de socorrismo. Adem\u00e1s, se ha incrementado la instalaci\u00f3n de balizas, delimitando de forma clara las zonas de ba\u00f1o y las destinadas a deportes n\u00e1uticos. Esta medida mejora la seguridad y favorece una convivencia ordenada en la costa.<\/p>\n\n\n\n<p><strong>Salvador Llopis<\/strong>, concejal de Turismo y Playas, ha destacado:<br><em>\u201cEstas banderas no son solo un reconocimiento simb\u00f3lico, sino el resultado del trabajo constante y coordinado de todos los servicios implicados. Oliva apuesta por un modelo de turismo respetuoso con el medio ambiente, seguro y de calidad, y seguiremos trabajando para que nuestras playas sigan siendo un referente dentro y fuera de nuestro territorio.\u201d<\/em><\/p>\n\n\n\n<p>Desde la Concejal\u00eda de Turismo se quiere expresar p\u00fablicamente el agradecimiento a todos los profesionales y equipos que, con su dedicaci\u00f3n y esfuerzo diario, hacen de Oliva un destino tur\u00edstico ejemplar, con unas playas de referencia en calidad y sostenibilidad.<\/p>\n","protected":false},"excerpt":{"rendered":"<p>El Ayuntamiento de Oliva ha inaugurado oficialmente la temporada de verano con el acto simb\u00f3lico del izado de las Banderas Azules, de Calidad, Qualitur y de Europa en sus playas. Estos distintivos certifican el compromiso del municipio con la sostenibilidad, la seguridad y la excelencia en la gesti\u00f3n del litoral. La Bandera Azul reconoce la&#8230;<\/p>\n","protected":false},"author":1,"featured_media":6410,"comment_status":"open","ping_status":"open","sticky":false,"template":"","format":"standard","meta":{"footnotes":""},"categories":[1,57],"tags":[],"class_list":["post-6409","post","type-post","status-publish","format-standard","has-post-thumbnail","hentry","category-actualidad","category-turismo"],"_links":{"self":[{"href":"https:\/\/infogandia.es\/index.php\/wp-json\/wp\/v2\/posts\/6409","targetHints":{"allow":["GET"]}}],"collection":[{"href":"https:\/\/infogandia.es\/index.php\/wp-json\/wp\/v2\/posts"}],"about":[{"href":"https:\/\/infogandia.es\/index.php\/wp-json\/wp\/v2\/types\/post"}],"author":[{"embeddable":true,"href":"https:\/\/infogandia.es\/index.php\/wp-json\/wp\/v2\/users\/1"}],"replies":[{"embeddable":true,"href":"https:\/\/infogandia.es\/index.php\/wp-json\/wp\/v2\/comments?post=6409"}],"version-history":[{"count":1,"href":"https:\/\/infogandia.es\/index.php\/wp-json\/wp\/v2\/posts\/6409\/revisions"}],"predecessor-version":[{"id":6411,"href":"https:\/\/infogandia.es\/index.php\/wp-json\/wp\/v2\/posts\/6409\/revisions\/6411"}],"wp:featuredmedia":[{"embeddable":true,"href":"https:\/\/infogandia.es\/index.php\/wp-json\/wp\/v2\/media\/6410"}],"wp:attachment":[{"href":"https:\/\/infogandia.es\/index.php\/wp-json\/wp\/v2\/media?parent=6409"}],"wp:term":[{"taxonomy":"category","embeddable":true,"href":"https:\/\/infogandia.es\/index.php\/wp-json\/wp\/v2\/categories?post=6409"},{"taxonomy":"post_tag","embeddable":true,"href":"https:\/\/infogandia.es\/index.php\/wp-json\/wp\/v2\/tags?post=6409"}],"curies":[{"name":"wp","href":"https:\/\/api.w.org\/{rel}","templated":true}]}}