{"id":6412,"date":"2025-06-27T10:58:53","date_gmt":"2025-06-27T10:58:53","guid":{"rendered":"https:\/\/infogandia.es\/?p=6412"},"modified":"2025-06-27T10:58:53","modified_gmt":"2025-06-27T10:58:53","slug":"gandia-conmemora-el-xxviii-aniversario-de-la-declaracion-universal-de-los-derechos-sexuales","status":"publish","type":"post","link":"https:\/\/infogandia.es\/index.php\/2025\/06\/27\/gandia-conmemora-el-xxviii-aniversario-de-la-declaracion-universal-de-los-derechos-sexuales\/","title":{"rendered":"Gandia conmemora el XXVIII aniversario de la Declaraci\u00f3n Universal de los Derechos Sexuales"},"content":{"rendered":"\n<p>El Ayuntamiento de Gandia, a trav\u00e9s de la Concejal\u00eda de Sanidad, Pol\u00edticas Saludables y Calidad de Vida, y en colaboraci\u00f3n con la Concejal\u00eda de Igualdad, se suma a la conmemoraci\u00f3n del <strong>XXVIII aniversario de la Declaraci\u00f3n Universal de los Derechos Sexuales<\/strong> (tambi\u00e9n conocida como Declaraci\u00f3n de Valencia), proclamada el 29 de junio de 1997 durante el XIII Congreso Mundial de Sexolog\u00eda.<\/p>\n\n\n\n<p>Durante la rueda de prensa, la concejala Liduvina Gil \u2014acompa\u00f1ada por Vicent Bataller, representante de Sex\u00f3logos Sin Fronteras\u2014 explic\u00f3 que esta efem\u00e9ride tiene como objetivo <strong>visibilizar y reivindicar los derechos sexuales como derechos humanos universales<\/strong>, fundamentales para garantizar la libertad, la autonom\u00eda, la dignidad y el bienestar de todas las personas, especialmente de adolescentes y j\u00f3venes.<\/p>\n\n\n\n<p>La Declaraci\u00f3n, que ha sido revisada y ampliada por la Asociaci\u00f3n Mundial para la Salud Sexual (WAS), recoge actualmente <strong>diecis\u00e9is derechos sexuales esenciales<\/strong>, entre los que se incluyen:<\/p>\n\n\n\n<ul class=\"wp-block-list\">\n<li>El derecho a una educaci\u00f3n sexual integral,<\/li>\n\n\n\n<li>El derecho a vivir la sexualidad sin miedos, culpas ni violencias,<\/li>\n\n\n\n<li>Y el derecho a acceder a servicios de salud sexual y reproductiva de calidad.<\/li>\n<\/ul>\n\n\n\n<p>Desde el Ayuntamiento de Gandia se ha querido poner en valor esta fecha como un momento clave para <strong>seguir construyendo una sociedad m\u00e1s informada, diversa, respetuosa e igualitaria<\/strong>, en la que hablar de sexualidad con libertad y rigor sea una pr\u00e1ctica habitual, libre de estigmas y tab\u00faes.<\/p>\n\n\n\n<p>La concejala Liduvina Gil ha remarcado el compromiso de la ciudad y del actual equipo de gobierno:<\/p>\n\n\n\n<blockquote class=\"wp-block-quote is-layout-flow wp-block-quote-is-layout-flow\">\n<p>\u201cEstamos firmemente comprometidos con una visi\u00f3n de la salud sexual que sit\u00fae en el centro los derechos, el respeto y la libertad de las personas. Reconocer los derechos sexuales como derechos humanos es una cuesti\u00f3n de justicia social y de salud p\u00fablica. Solo a trav\u00e9s de la informaci\u00f3n, la educaci\u00f3n y la implicaci\u00f3n de las instituciones podremos avanzar hacia una sociedad m\u00e1s equitativa y libre de discriminaciones\u201d.<\/p>\n<\/blockquote>\n\n\n\n<p>Asimismo, ha agradecido especialmente el trabajo de entidades como <strong>Sex\u00f3logos Sin Fronteras<\/strong>, y en particular a Bataller, \u201ccon quien compartimos una mirada transformadora y comunitaria. Apostar por una sexualidad vivida desde el placer, la responsabilidad y la autonom\u00eda es tambi\u00e9n apostar por una mejor calidad de vida\u201d.<\/p>\n\n\n\n<p>Por su parte, Vicent Bataller ha se\u00f1alado que esta conmemoraci\u00f3n<\/p>\n\n\n\n<blockquote class=\"wp-block-quote is-layout-flow wp-block-quote-is-layout-flow\">\n<p>\u201csimboliza una lucha colectiva por una sexualidad vivida desde la libertad, la responsabilidad y el respeto\u201d.<\/p>\n<\/blockquote>\n\n\n\n<p>Adem\u00e1s, ha recordado que desde la fundaci\u00f3n de <strong>Sex\u00f3logos Sin Fronteras<\/strong> en 2011, han impulsado campa\u00f1as de sensibilizaci\u00f3n, acciones formativas y espacios de escucha y acompa\u00f1amiento que visibilizan estos derechos, especialmente entre los colectivos m\u00e1s vulnerables o hist\u00f3ricamente marginados.<\/p>\n\n\n\n<blockquote class=\"wp-block-quote is-layout-flow wp-block-quote-is-layout-flow\">\n<p>\u201cEn este 2025, celebramos el XXVIII aniversario de la Declaraci\u00f3n Universal de los Derechos Sexuales, una efem\u00e9ride clave para seguir visibilizando la importancia de garantizar a todas las personas el acceso a una salud sexual plena, libre de violencias, tab\u00faes o discriminaciones, y basada en el placer, la equidad, la autonom\u00eda y la diversidad\u201d, concluy\u00f3 Bataller.<\/p>\n<\/blockquote>\n\n\n\n<p>Para m\u00e1s informaci\u00f3n sobre los derechos sexuales, se puede consultar la plataforma informativa de <strong>Sex\u00f3logos Sin Fronteras<\/strong>: <a class=\"\" href=\"http:\/\/www.sxlgsf.org\">www.sxlgsf.org<\/a>.<\/p>\n","protected":false},"excerpt":{"rendered":"<p>El Ayuntamiento de Gandia, a trav\u00e9s de la Concejal\u00eda de Sanidad, Pol\u00edticas Saludables y Calidad de Vida, y en colaboraci\u00f3n con la Concejal\u00eda de Igualdad, se suma a la conmemoraci\u00f3n del XXVIII aniversario de la Declaraci\u00f3n Universal de los Derechos Sexuales (tambi\u00e9n conocida como Declaraci\u00f3n de Valencia), proclamada el 29 de junio de 1997 durante&#8230;<\/p>\n","protected":false},"author":1,"featured_media":6414,"comment_status":"open","ping_status":"open","sticky":false,"template":"","format":"standard","meta":{"footnotes":""},"categories":[1],"tags":[],"class_list":["post-6412","post","type-post","status-publish","format-standard","has-post-thumbnail","hentry","category-actualidad"],"_links":{"self":[{"href":"https:\/\/infogandia.es\/index.php\/wp-json\/wp\/v2\/posts\/6412","targetHints":{"allow":["GET"]}}],"collection":[{"href":"https:\/\/infogandia.es\/index.php\/wp-json\/wp\/v2\/posts"}],"about":[{"href":"https:\/\/infogandia.es\/index.php\/wp-json\/wp\/v2\/types\/post"}],"author":[{"embeddable":true,"href":"https:\/\/infogandia.es\/index.php\/wp-json\/wp\/v2\/users\/1"}],"replies":[{"embeddable":true,"href":"https:\/\/infogandia.es\/index.php\/wp-json\/wp\/v2\/comments?post=6412"}],"version-history":[{"count":1,"href":"https:\/\/infogandia.es\/index.php\/wp-json\/wp\/v2\/posts\/6412\/revisions"}],"predecessor-version":[{"id":6415,"href":"https:\/\/infogandia.es\/index.php\/wp-json\/wp\/v2\/posts\/6412\/revisions\/6415"}],"wp:featuredmedia":[{"embeddable":true,"href":"https:\/\/infogandia.es\/index.php\/wp-json\/wp\/v2\/media\/6414"}],"wp:attachment":[{"href":"https:\/\/infogandia.es\/index.php\/wp-json\/wp\/v2\/media?parent=6412"}],"wp:term":[{"taxonomy":"category","embeddable":true,"href":"https:\/\/infogandia.es\/index.php\/wp-json\/wp\/v2\/categories?post=6412"},{"taxonomy":"post_tag","embeddable":true,"href":"https:\/\/infogandia.es\/index.php\/wp-json\/wp\/v2\/tags?post=6412"}],"curies":[{"name":"wp","href":"https:\/\/api.w.org\/{rel}","templated":true}]}}