{"id":6421,"date":"2025-06-30T17:51:25","date_gmt":"2025-06-30T17:51:25","guid":{"rendered":"https:\/\/infogandia.es\/?p=6421"},"modified":"2025-06-30T17:51:25","modified_gmt":"2025-06-30T17:51:25","slug":"el-pp-denuncia-la-falta-de-policia-de-barrio-en-corea-centro-historico-y-el-grau-durante-el-verano","status":"publish","type":"post","link":"https:\/\/infogandia.es\/index.php\/2025\/06\/30\/el-pp-denuncia-la-falta-de-policia-de-barrio-en-corea-centro-historico-y-el-grau-durante-el-verano\/","title":{"rendered":"El PP denuncia la falta de Polic\u00eda de Barrio en Corea, Centro Hist\u00f3rico y el Grau durante el verano"},"content":{"rendered":"\n<p>El Grupo Municipal Popular ha denunciado p\u00fablicamente la <strong>supresi\u00f3n del servicio de Polic\u00eda de Barrio<\/strong> en los barrios de <strong>Corea, Centro Hist\u00f3rico y el Grau<\/strong> durante los meses de verano, a causa de la reorganizaci\u00f3n de efectivos para reforzar la seguridad en la playa.<\/p>\n\n\n\n<p>En una rueda de prensa celebrada esta ma\u00f1ana, el portavoz del PP, <strong>V\u00edctor Soler<\/strong>, ha criticado duramente al gobierno local, acus\u00e1ndolo de \u201c<strong>priorizar la imagen tur\u00edstica frente a la seguridad de los vecinos<\/strong>\u201d. Soler ha calificado la situaci\u00f3n como \u201c<strong>vestir un santo para desvestir a otro<\/strong>\u201d, en referencia al traslado de agentes desde los barrios hacia el litoral para patrullar con veh\u00edculos tipo quad.<\/p>\n\n\n\n<p>Por su parte, el concejal popular <strong>Vicent Gregori<\/strong>, responsable de asuntos de seguridad dentro del grupo, ha precisado que la cr\u00edtica no se dirige a los agentes de la Polic\u00eda Local, a quienes ha reconocido \u201c<strong>una gran labor, especialmente en condiciones complicadas derivadas de una evidente falta de planificaci\u00f3n<\/strong>\u201d. Gregori ha insistido en que la ra\u00edz del problema es la <strong>escasez de plantilla<\/strong> y la <strong>falta de previsi\u00f3n del equipo de gobierno<\/strong>.<\/p>\n\n\n\n<p>Seg\u00fan datos aportados por Gregori, <strong>desde 2015 la Polic\u00eda Local de Gandia ha sumado solo 10 plazas<\/strong>, mientras que la poblaci\u00f3n ha aumentado en 8.000 habitantes. \u201c<strong>Esta descompensaci\u00f3n genera situaciones de desatenci\u00f3n como la que se vivir\u00e1 este verano en varios barrios<\/strong>\u201d, ha afirmado.<\/p>\n\n\n\n<p>Soler, por su parte, ha recalcado que <strong>la seguridad ciudadana \u201cno es una prioridad para los socialistas\u201d<\/strong>, y ha citado datos del Ministerio del Interior que indican un <strong>aumento del 6,9% en delitos convencionales como hurtos y robos<\/strong> en el \u00faltimo a\u00f1o. \u201c<strong>A pesar del aumento delictivo y de poblaci\u00f3n, la plantilla policial sigue igual<\/strong>\u201d, ha advertido.<\/p>\n\n\n\n<p>Otro de los puntos denunciados por los populares ha sido la <strong>eliminaci\u00f3n del ret\u00e9n policial del Grau<\/strong>, que anteriormente prestaba servicio las 24 horas y que ahora no est\u00e1 disponible ni por la noche ni los fines de semana. \u201c<strong>Esto ha perjudicado gravemente a los vecinos del barrio<\/strong>\u201d, ha lamentado Soler.<\/p>\n\n\n\n<p>Para el portavoz del PP, el balance es claro: \u201c<strong>En diez a\u00f1os, el gobierno socialista ha creado 91 nuevas plazas de funcionarios, pero solo 10 de ellas son de polic\u00edas. Mientras tanto, se destinan sueldos de hasta 100.000 euros a cargos afines, ignorando la verdadera prioridad de los vecinos: su seguridad.<\/strong>\u201d<\/p>\n","protected":false},"excerpt":{"rendered":"<p>El Grupo Municipal Popular ha denunciado p\u00fablicamente la supresi\u00f3n del servicio de Polic\u00eda de Barrio en los barrios de Corea, Centro Hist\u00f3rico y el Grau durante los meses de verano, a causa de la reorganizaci\u00f3n de efectivos para reforzar la seguridad en la playa. En una rueda de prensa celebrada esta ma\u00f1ana, el portavoz del&#8230;<\/p>\n","protected":false},"author":1,"featured_media":6422,"comment_status":"open","ping_status":"open","sticky":false,"template":"","format":"standard","meta":{"footnotes":""},"categories":[1,3],"tags":[],"class_list":["post-6421","post","type-post","status-publish","format-standard","has-post-thumbnail","hentry","category-actualidad","category-politica"],"_links":{"self":[{"href":"https:\/\/infogandia.es\/index.php\/wp-json\/wp\/v2\/posts\/6421","targetHints":{"allow":["GET"]}}],"collection":[{"href":"https:\/\/infogandia.es\/index.php\/wp-json\/wp\/v2\/posts"}],"about":[{"href":"https:\/\/infogandia.es\/index.php\/wp-json\/wp\/v2\/types\/post"}],"author":[{"embeddable":true,"href":"https:\/\/infogandia.es\/index.php\/wp-json\/wp\/v2\/users\/1"}],"replies":[{"embeddable":true,"href":"https:\/\/infogandia.es\/index.php\/wp-json\/wp\/v2\/comments?post=6421"}],"version-history":[{"count":1,"href":"https:\/\/infogandia.es\/index.php\/wp-json\/wp\/v2\/posts\/6421\/revisions"}],"predecessor-version":[{"id":6423,"href":"https:\/\/infogandia.es\/index.php\/wp-json\/wp\/v2\/posts\/6421\/revisions\/6423"}],"wp:featuredmedia":[{"embeddable":true,"href":"https:\/\/infogandia.es\/index.php\/wp-json\/wp\/v2\/media\/6422"}],"wp:attachment":[{"href":"https:\/\/infogandia.es\/index.php\/wp-json\/wp\/v2\/media?parent=6421"}],"wp:term":[{"taxonomy":"category","embeddable":true,"href":"https:\/\/infogandia.es\/index.php\/wp-json\/wp\/v2\/categories?post=6421"},{"taxonomy":"post_tag","embeddable":true,"href":"https:\/\/infogandia.es\/index.php\/wp-json\/wp\/v2\/tags?post=6421"}],"curies":[{"name":"wp","href":"https:\/\/api.w.org\/{rel}","templated":true}]}}