{"id":6424,"date":"2025-06-30T17:52:30","date_gmt":"2025-06-30T17:52:30","guid":{"rendered":"https:\/\/infogandia.es\/?p=6424"},"modified":"2025-06-30T17:52:31","modified_gmt":"2025-06-30T17:52:31","slug":"paula-cabanilles-acepta-ser-madrina-de-la-semana-santa-de-gandia-y-camarera-del-cristo-resucitado-de-2026","status":"publish","type":"post","link":"https:\/\/infogandia.es\/index.php\/2025\/06\/30\/paula-cabanilles-acepta-ser-madrina-de-la-semana-santa-de-gandia-y-camarera-del-cristo-resucitado-de-2026\/","title":{"rendered":"Paula Cabanilles acepta ser Madrina de la Semana Santa de Gandia y Camarera del Cristo Resucitado de 2026"},"content":{"rendered":"\n<p>Paula Cabanilles ha aceptado esta noche el cargo de <strong>Madrina de la Semana Santa de Gandia<\/strong> y <strong>Camarera del Cristo Resucitado de 2026<\/strong>, en un emotivo acto celebrado en los jardines de Foment. Durante el evento, el alcalde de Gandia, <strong>Jos\u00e9 Manuel Prieto<\/strong>, le hizo entrega del diploma acreditativo que la nombra como m\u00e1xima representante de esta festividad.<\/p>\n\n\n\n<p>El acto cont\u00f3 con la presencia del presidente de la Junta Mayor de Hermandades de la Semana Santa, <strong>Emili Ripoll<\/strong>; la actual Madrina y Camarera del Cristo Resucitado de 2025, <strong>Juana Gregori<\/strong>; el concejal delegado de Semana Santa, <strong>Miguel \u00c1ngel Picornell<\/strong>; as\u00ed como representantes de la Junta Mayor, el Hermano Mayor y la Camarera de la Hermandad del Descendimiento, y miembros de la Corporaci\u00f3n Municipal.<\/p>\n\n\n\n<p>El alcalde Prieto subray\u00f3 que Paula Cabanilles se adentra \u201cde lleno en la historia de la ciudad, de la mano de la Semana Santa gandiense, en la que nuestras tradiciones se transmiten de generaci\u00f3n en generaci\u00f3n\u201d. Prieto felicit\u00f3 a la Junta Mayor por la elecci\u00f3n, destacando de Paula \u201csu amplia trayectoria pese a su juventud\u201d. Record\u00f3 que desde ni\u00f1a ha formado parte de la Hermandad del Descendimiento del Grau y la defini\u00f3 como \u201cuna persona siempre dispuesta a ayudar, a tender la mano y con un gran coraz\u00f3n\u201d. \u201cEstamos convencidos, Paula, de que ser\u00e1s el alma y el coraz\u00f3n de la Semana Santa de 2026\u201d, concluy\u00f3.<\/p>\n\n\n\n<p>El alcalde tambi\u00e9n tuvo palabras de agradecimiento para <strong>Juana Gregori<\/strong>, a quien reconoci\u00f3 su compromiso y dedicaci\u00f3n al frente de la Semana Santa durante el \u00faltimo a\u00f1o: \u201cHas sido una excelente madrina y siempre has estado a la altura de lo que requer\u00eda la ciudad\u201d.<\/p>\n\n\n\n<p>Por su parte, Paula Cabanilles expres\u00f3 su agradecimiento y compromiso:<br>\u201cDesde ahora me pongo a disposici\u00f3n de cada una de las Hermandades y de la Junta Mayor, con la ilusi\u00f3n y el compromiso de trabajar juntos para seguir consolidando nuestra Semana Santa como uno de los grandes referentes de la ciudad. Y no solo eso, el reto es hacerla crecer a\u00fan m\u00e1s, llegar a m\u00e1s personas, emocionar m\u00e1s corazones y continuar siendo un orgullo para todos nosotros\u201d.<\/p>\n\n\n\n<p>Cabe recordar que <strong>Gandia acoger\u00e1 el Encuentro Nacional de Cofrad\u00edas el pr\u00f3ximo mes de septiembre<\/strong>, y que en 2026 la Junta Mayor de Hermandades celebrar\u00e1 su <strong>70 aniversario<\/strong>, reafirmando la Semana Santa como una de las tradiciones m\u00e1s representativas de la ciudad.<\/p>\n","protected":false},"excerpt":{"rendered":"<p>Paula Cabanilles ha aceptado esta noche el cargo de Madrina de la Semana Santa de Gandia y Camarera del Cristo Resucitado de 2026, en un emotivo acto celebrado en los jardines de Foment. Durante el evento, el alcalde de Gandia, Jos\u00e9 Manuel Prieto, le hizo entrega del diploma acreditativo que la nombra como m\u00e1xima representante&#8230;<\/p>\n","protected":false},"author":1,"featured_media":6425,"comment_status":"open","ping_status":"open","sticky":false,"template":"","format":"standard","meta":{"footnotes":""},"categories":[1,27],"tags":[],"class_list":["post-6424","post","type-post","status-publish","format-standard","has-post-thumbnail","hentry","category-actualidad","category-sociedad"],"_links":{"self":[{"href":"https:\/\/infogandia.es\/index.php\/wp-json\/wp\/v2\/posts\/6424","targetHints":{"allow":["GET"]}}],"collection":[{"href":"https:\/\/infogandia.es\/index.php\/wp-json\/wp\/v2\/posts"}],"about":[{"href":"https:\/\/infogandia.es\/index.php\/wp-json\/wp\/v2\/types\/post"}],"author":[{"embeddable":true,"href":"https:\/\/infogandia.es\/index.php\/wp-json\/wp\/v2\/users\/1"}],"replies":[{"embeddable":true,"href":"https:\/\/infogandia.es\/index.php\/wp-json\/wp\/v2\/comments?post=6424"}],"version-history":[{"count":1,"href":"https:\/\/infogandia.es\/index.php\/wp-json\/wp\/v2\/posts\/6424\/revisions"}],"predecessor-version":[{"id":6426,"href":"https:\/\/infogandia.es\/index.php\/wp-json\/wp\/v2\/posts\/6424\/revisions\/6426"}],"wp:featuredmedia":[{"embeddable":true,"href":"https:\/\/infogandia.es\/index.php\/wp-json\/wp\/v2\/media\/6425"}],"wp:attachment":[{"href":"https:\/\/infogandia.es\/index.php\/wp-json\/wp\/v2\/media?parent=6424"}],"wp:term":[{"taxonomy":"category","embeddable":true,"href":"https:\/\/infogandia.es\/index.php\/wp-json\/wp\/v2\/categories?post=6424"},{"taxonomy":"post_tag","embeddable":true,"href":"https:\/\/infogandia.es\/index.php\/wp-json\/wp\/v2\/tags?post=6424"}],"curies":[{"name":"wp","href":"https:\/\/api.w.org\/{rel}","templated":true}]}}