{"id":6433,"date":"2025-06-30T17:57:40","date_gmt":"2025-06-30T17:57:40","guid":{"rendered":"https:\/\/infogandia.es\/?p=6433"},"modified":"2025-06-30T18:00:10","modified_gmt":"2025-06-30T18:00:10","slug":"el-primer-equipo-femenino-del-cf-gandia-asciende-a-primera-regional-valenta","status":"publish","type":"post","link":"https:\/\/infogandia.es\/index.php\/2025\/06\/30\/el-primer-equipo-femenino-del-cf-gandia-asciende-a-primera-regional-valenta\/","title":{"rendered":"El primer equipo femenino del CF Gandia asciende a Primera Regional Valenta"},"content":{"rendered":"\n<p>El primer equipo femenino del Club de F\u00fatbol Gandia ha logrado el ascenso a <strong>Primera Regional Valenta<\/strong>, tras ser seleccionado por el Comit\u00e9 de Competici\u00f3n de la Federaci\u00f3n de F\u00fatbol de la Comunitat Valenciana (FFCV) para ocupar una de las plazas vacantes en la categor\u00eda.<\/p>\n\n\n\n<p>Este ascenso se ha producido gracias al reordenamiento de equipos derivado del acceso de otras entidades a categor\u00edas superiores, lo que ha permitido al conjunto gandiense dar el salto de categor\u00eda.<\/p>\n\n\n\n<p>El presidente del CF Gandia, <strong>Sergio Gonz\u00e1lez<\/strong>, ha expresado su satisfacci\u00f3n por este nuevo logro del club: \u201cEstoy muy orgulloso de la plantilla. Tenemos jugadoras excelentes y, aun as\u00ed, vamos a trabajar para reforzar el equipo de cara a la pr\u00f3xima temporada\u201d.<\/p>\n\n\n\n<p>Gonz\u00e1lez ha subrayado su confianza en el grupo: \u201cConf\u00edo plenamente en ellas y estoy seguro de que har\u00e1n un gran papel en esta nueva etapa\u201d.<\/p>\n\n\n\n<p>Con este ascenso, el CF Gandia femenino consolida su crecimiento y refuerza su papel en el panorama del f\u00fatbol femenino valenciano.<\/p>\n","protected":false},"excerpt":{"rendered":"<p>El primer equipo femenino del Club de F\u00fatbol Gandia ha logrado el ascenso a Primera Regional Valenta, tras ser seleccionado por el Comit\u00e9 de Competici\u00f3n de la Federaci\u00f3n de F\u00fatbol de la Comunitat Valenciana (FFCV) para ocupar una de las plazas vacantes en la categor\u00eda. Este ascenso se ha producido gracias al reordenamiento de equipos&#8230;<\/p>\n","protected":false},"author":1,"featured_media":6434,"comment_status":"open","ping_status":"open","sticky":false,"template":"","format":"standard","meta":{"footnotes":""},"categories":[1,4],"tags":[],"class_list":["post-6433","post","type-post","status-publish","format-standard","has-post-thumbnail","hentry","category-actualidad","category-deporte"],"_links":{"self":[{"href":"https:\/\/infogandia.es\/index.php\/wp-json\/wp\/v2\/posts\/6433","targetHints":{"allow":["GET"]}}],"collection":[{"href":"https:\/\/infogandia.es\/index.php\/wp-json\/wp\/v2\/posts"}],"about":[{"href":"https:\/\/infogandia.es\/index.php\/wp-json\/wp\/v2\/types\/post"}],"author":[{"embeddable":true,"href":"https:\/\/infogandia.es\/index.php\/wp-json\/wp\/v2\/users\/1"}],"replies":[{"embeddable":true,"href":"https:\/\/infogandia.es\/index.php\/wp-json\/wp\/v2\/comments?post=6433"}],"version-history":[{"count":1,"href":"https:\/\/infogandia.es\/index.php\/wp-json\/wp\/v2\/posts\/6433\/revisions"}],"predecessor-version":[{"id":6435,"href":"https:\/\/infogandia.es\/index.php\/wp-json\/wp\/v2\/posts\/6433\/revisions\/6435"}],"wp:featuredmedia":[{"embeddable":true,"href":"https:\/\/infogandia.es\/index.php\/wp-json\/wp\/v2\/media\/6434"}],"wp:attachment":[{"href":"https:\/\/infogandia.es\/index.php\/wp-json\/wp\/v2\/media?parent=6433"}],"wp:term":[{"taxonomy":"category","embeddable":true,"href":"https:\/\/infogandia.es\/index.php\/wp-json\/wp\/v2\/categories?post=6433"},{"taxonomy":"post_tag","embeddable":true,"href":"https:\/\/infogandia.es\/index.php\/wp-json\/wp\/v2\/tags?post=6433"}],"curies":[{"name":"wp","href":"https:\/\/api.w.org\/{rel}","templated":true}]}}