{"id":6449,"date":"2025-07-01T09:01:52","date_gmt":"2025-07-01T09:01:52","guid":{"rendered":"https:\/\/infogandia.es\/?p=6449"},"modified":"2025-07-01T09:01:53","modified_gmt":"2025-07-01T09:01:53","slug":"zevra-festival-ficha-a-los-escenografos-de-tomorrowland-y-levanta-un-escenario-record-de-110-metros-de-ancho","status":"publish","type":"post","link":"https:\/\/infogandia.es\/index.php\/2025\/07\/01\/zevra-festival-ficha-a-los-escenografos-de-tomorrowland-y-levanta-un-escenario-record-de-110-metros-de-ancho\/","title":{"rendered":"Zevra Festival ficha a los escen\u00f3grafos de Tomorrowland y levanta un escenario r\u00e9cord de 110 metros de ancho"},"content":{"rendered":"\n<p><em>El festival de Cullera contar\u00e1 con el escenario principal m\u00e1s grande jam\u00e1s construido en Espa\u00f1a y la presencia de estrellas internacionales como Jason Derulo, Estopa y Jhayco<\/em><\/p>\n\n\n\n<p>Zevra Festival, el evento musical m\u00e1s multitudinario del verano en la costa mediterr\u00e1nea, encara la recta final de los preparativos de su cuarta edici\u00f3n, que se celebrar\u00e1 del 18 al 21 de julio en la Playa de Cullera. Este a\u00f1o, el festival dar\u00e1 un salto sin precedentes con la construcci\u00f3n del escenario principal m\u00e1s grande jam\u00e1s visto en Espa\u00f1a: una estructura de 110 metros de ancho, equivalente a un campo de f\u00fatbol, que promete dejar boquiabiertos a los m\u00e1s de 150.000 asistentes previstos.<\/p>\n\n\n\n<p>Este colosal &#8220;mainstage&#8221;, bautizado como <strong>Negrita Stage<\/strong>, contar\u00e1 con una impactante escenograf\u00eda desarrollada por <strong>Brok Decor<\/strong>, la prestigiosa compa\u00f1\u00eda holandesa responsable de los ic\u00f3nicos escenarios de <strong>Tomorrowland<\/strong>, as\u00ed como de otros festivales de renombre internacional como <strong>Defqon1<\/strong> y <strong>Parookaville<\/strong>. Una treintena de artistas gr\u00e1ficos y t\u00e9cnicos de Brok Decor ya trabaja a contrarreloj en Cullera para dar vida a esta gigantesca estructura, en estrecha colaboraci\u00f3n con los equipos de sonido, luces y montaje.<\/p>\n\n\n\n<p>El Negrita Stage acoger\u00e1 una alineaci\u00f3n de artistas de primer nivel: el viernes 18 actuar\u00e1n <strong>Jason Derulo<\/strong>, <strong>Dei V<\/strong> y <strong>Omar Montes<\/strong>; el s\u00e1bado 19 ser\u00e1 el turno de <strong>Alleh &amp; Yorghaki<\/strong>, <strong>Justin Quiles<\/strong>, <strong>Omar Courtz<\/strong> y <strong>Jhayco<\/strong>; mientras que el domingo 20 cerrar\u00e1n el escenario <strong>Estopa<\/strong> y de nuevo <strong>Jason Derulo<\/strong>, en una doble aparici\u00f3n estelar.<\/p>\n\n\n\n<p>Pero no ser\u00e1 el \u00fanico espacio espectacular del festival. El <strong>Cutty Sark Stage<\/strong>, ubicado junto a la Playa de San Antonio, estrenar\u00e1 un dise\u00f1o vanguardista en forma de <strong>ara\u00f1a tridimensional<\/strong> de 60 metros de ancho y 24 de alto. Este escenario albergar\u00e1 las actuaciones de <strong>Gente de Zona<\/strong> y <strong>Arc\u00e1ngel<\/strong> el viernes, <strong>\u00c1lex Ubago<\/strong>, <strong>Camela<\/strong> y <strong>Cali y El Dandee<\/strong> el s\u00e1bado, y <strong>La F\u00famiga<\/strong> junto a <strong>Cyril Kamer<\/strong> el domingo.<\/p>\n\n\n\n<p>En total, Zevra contar\u00e1 con <strong>8 escenarios<\/strong> y m\u00e1s de <strong>100 artistas<\/strong> de g\u00e9neros tan diversos como reggaet\u00f3n, pop latino, urban, trap, indie, pop-rock y electr\u00f3nica. Sin embargo, Zevra va mucho m\u00e1s all\u00e1 de la m\u00fasica: el festival se ha consolidado como un aut\u00e9ntico parque tem\u00e1tico de experiencias, donde los asistentes disfrutan de peluquer\u00eda, maquillaje, tatuajes, comida gourmet, opciones veganas y espacios de relax, todo ello en un ambiente repleto de influencers, marcas de moda y celebrities.<\/p>\n\n\n\n<p>Las entradas est\u00e1n disponibles desde <strong>65 euros<\/strong> en <a class=\"\" href=\"http:\/\/www.zevrafestival.com\">www.zevrafestival.com<\/a>, y se espera que las \u00faltimas semanas disparen la venta de tickets ante una edici\u00f3n que promete ser hist\u00f3rica.<\/p>\n","protected":false},"excerpt":{"rendered":"<p>El festival de Cullera contar\u00e1 con el escenario principal m\u00e1s grande jam\u00e1s construido en Espa\u00f1a y la presencia de estrellas internacionales como Jason Derulo, Estopa y Jhayco Zevra Festival, el evento musical m\u00e1s multitudinario del verano en la costa mediterr\u00e1nea, encara la recta final de los preparativos de su cuarta edici\u00f3n, que se celebrar\u00e1 del&#8230;<\/p>\n","protected":false},"author":1,"featured_media":6450,"comment_status":"open","ping_status":"open","sticky":false,"template":"","format":"standard","meta":{"footnotes":""},"categories":[1],"tags":[],"class_list":["post-6449","post","type-post","status-publish","format-standard","has-post-thumbnail","hentry","category-actualidad"],"_links":{"self":[{"href":"https:\/\/infogandia.es\/index.php\/wp-json\/wp\/v2\/posts\/6449","targetHints":{"allow":["GET"]}}],"collection":[{"href":"https:\/\/infogandia.es\/index.php\/wp-json\/wp\/v2\/posts"}],"about":[{"href":"https:\/\/infogandia.es\/index.php\/wp-json\/wp\/v2\/types\/post"}],"author":[{"embeddable":true,"href":"https:\/\/infogandia.es\/index.php\/wp-json\/wp\/v2\/users\/1"}],"replies":[{"embeddable":true,"href":"https:\/\/infogandia.es\/index.php\/wp-json\/wp\/v2\/comments?post=6449"}],"version-history":[{"count":1,"href":"https:\/\/infogandia.es\/index.php\/wp-json\/wp\/v2\/posts\/6449\/revisions"}],"predecessor-version":[{"id":6451,"href":"https:\/\/infogandia.es\/index.php\/wp-json\/wp\/v2\/posts\/6449\/revisions\/6451"}],"wp:featuredmedia":[{"embeddable":true,"href":"https:\/\/infogandia.es\/index.php\/wp-json\/wp\/v2\/media\/6450"}],"wp:attachment":[{"href":"https:\/\/infogandia.es\/index.php\/wp-json\/wp\/v2\/media?parent=6449"}],"wp:term":[{"taxonomy":"category","embeddable":true,"href":"https:\/\/infogandia.es\/index.php\/wp-json\/wp\/v2\/categories?post=6449"},{"taxonomy":"post_tag","embeddable":true,"href":"https:\/\/infogandia.es\/index.php\/wp-json\/wp\/v2\/tags?post=6449"}],"curies":[{"name":"wp","href":"https:\/\/api.w.org\/{rel}","templated":true}]}}