{"id":6452,"date":"2025-07-01T18:30:02","date_gmt":"2025-07-01T18:30:02","guid":{"rendered":"https:\/\/infogandia.es\/?p=6452"},"modified":"2025-07-01T18:30:03","modified_gmt":"2025-07-01T18:30:03","slug":"el-pp-denuncia-el-abandono-del-centro-deportivo-del-grau-y-acusa-al-gobierno-de-gandia-de-enganar-a-los-usuarios","status":"publish","type":"post","link":"https:\/\/infogandia.es\/index.php\/2025\/07\/01\/el-pp-denuncia-el-abandono-del-centro-deportivo-del-grau-y-acusa-al-gobierno-de-gandia-de-enganar-a-los-usuarios\/","title":{"rendered":"El PP denuncia el abandono del Centro Deportivo del Grau y acusa al gobierno de Gandia de &#8220;enga\u00f1ar a los usuarios&#8221;"},"content":{"rendered":"\n<p>El concejal de Deportes del Grupo Municipal Popular, David Ronda, ha criticado duramente al gobierno local encabezado por el alcalde socialista Jos\u00e9 Manuel Prieto y al concejal de Deportes, Jes\u00fas Naveiro, acus\u00e1ndolos de &#8220;enga\u00f1ar a los usuarios del Centro Deportivo del Grau&#8221; con promesas incumplidas y una gesti\u00f3n &#8220;deficiente y propagand\u00edstica&#8221;.<\/p>\n\n\n\n<p>Seg\u00fan ha denunciado Ronda, el cierre temporal del centro anunciado la semana pasada con el argumento de realizar tareas de mantenimiento fue &#8220;una excusa vac\u00eda&#8221;, ya que, asegura, &#8220;no se ha llevado a cabo ninguna mejora real ni actuaci\u00f3n t\u00e9cnica&#8221;.<\/p>\n\n\n\n<p>\u201c\u00bfD\u00f3nde est\u00e1 la Gandia del deporte de 2025? \u00bfD\u00f3nde est\u00e1 esa famosa \u2018legislatura del deporte\u2019 que tanto promociona el PSOE? Lo \u00fanico que vemos es postureo de Naveiro y Prieto\u201d, ha declarado Ronda.<\/p>\n\n\n\n<p>Entre las deficiencias que ha enumerado, destacan \u201cduchas con agua fr\u00eda, humedades en los techos, falta de personal t\u00e9cnico, y la aver\u00eda del techo retr\u00e1ctil, que sigue sin repararse y provoca temperaturas extremas \u2014hasta 39 grados\u2014 dentro de la piscina, imposibilitando su uso normal\u201d.<\/p>\n\n\n\n<p>El edil popular ha calificado la situaci\u00f3n como \u201cun abuso a los usuarios, que pagan cuotas mensuales por acceder a unas instalaciones en condiciones, y lo que encuentran es un desastre\u201d. Adem\u00e1s, ha acusado a Naveiro de anteponer &#8220;el postureo y la propaganda&#8221; a las necesidades reales del deporte local: \u201cEs el t\u00edpico \u2018queda bien\u2019 que aparece en lo bonito pero no da la cara cuando hay problemas\u201d.<\/p>\n\n\n\n<p>Ronda tambi\u00e9n ha denunciado la ineficacia de la empresa adjudicataria y la falta de respuesta de la empresa de mantenimiento municipal, criticando la &#8220;ausencia de direcci\u00f3n y responsabilidad&#8221; del Departamento de Deportes. \u201cLos usuarios est\u00e1n abandonando el centro porque est\u00e1n hartos. Gandia est\u00e1 perdiendo calidad de vida y reputaci\u00f3n\u201d, ha lamentado.<\/p>\n\n\n\n<p>Finalmente, ha cargado contra el alcalde Prieto, afirmando que \u201cestos dos a\u00f1os de mandato se han convertido en la legislatura del selfie y el titular\u201d, en lugar de centrarse en mejorar las infraestructuras deportivas de la ciudad.<\/p>\n","protected":false},"excerpt":{"rendered":"<p>El concejal de Deportes del Grupo Municipal Popular, David Ronda, ha criticado duramente al gobierno local encabezado por el alcalde socialista Jos\u00e9 Manuel Prieto y al concejal de Deportes, Jes\u00fas Naveiro, acus\u00e1ndolos de &#8220;enga\u00f1ar a los usuarios del Centro Deportivo del Grau&#8221; con promesas incumplidas y una gesti\u00f3n &#8220;deficiente y propagand\u00edstica&#8221;. Seg\u00fan ha denunciado Ronda,&#8230;<\/p>\n","protected":false},"author":1,"featured_media":6453,"comment_status":"open","ping_status":"open","sticky":false,"template":"","format":"standard","meta":{"footnotes":""},"categories":[1,4],"tags":[],"class_list":["post-6452","post","type-post","status-publish","format-standard","has-post-thumbnail","hentry","category-actualidad","category-deporte"],"_links":{"self":[{"href":"https:\/\/infogandia.es\/index.php\/wp-json\/wp\/v2\/posts\/6452","targetHints":{"allow":["GET"]}}],"collection":[{"href":"https:\/\/infogandia.es\/index.php\/wp-json\/wp\/v2\/posts"}],"about":[{"href":"https:\/\/infogandia.es\/index.php\/wp-json\/wp\/v2\/types\/post"}],"author":[{"embeddable":true,"href":"https:\/\/infogandia.es\/index.php\/wp-json\/wp\/v2\/users\/1"}],"replies":[{"embeddable":true,"href":"https:\/\/infogandia.es\/index.php\/wp-json\/wp\/v2\/comments?post=6452"}],"version-history":[{"count":1,"href":"https:\/\/infogandia.es\/index.php\/wp-json\/wp\/v2\/posts\/6452\/revisions"}],"predecessor-version":[{"id":6454,"href":"https:\/\/infogandia.es\/index.php\/wp-json\/wp\/v2\/posts\/6452\/revisions\/6454"}],"wp:featuredmedia":[{"embeddable":true,"href":"https:\/\/infogandia.es\/index.php\/wp-json\/wp\/v2\/media\/6453"}],"wp:attachment":[{"href":"https:\/\/infogandia.es\/index.php\/wp-json\/wp\/v2\/media?parent=6452"}],"wp:term":[{"taxonomy":"category","embeddable":true,"href":"https:\/\/infogandia.es\/index.php\/wp-json\/wp\/v2\/categories?post=6452"},{"taxonomy":"post_tag","embeddable":true,"href":"https:\/\/infogandia.es\/index.php\/wp-json\/wp\/v2\/tags?post=6452"}],"curies":[{"name":"wp","href":"https:\/\/api.w.org\/{rel}","templated":true}]}}