{"id":6506,"date":"2025-07-07T15:13:54","date_gmt":"2025-07-07T15:13:54","guid":{"rendered":"https:\/\/infogandia.es\/?p=6506"},"modified":"2025-07-07T15:13:56","modified_gmt":"2025-07-07T15:13:56","slug":"el-ministerio-de-cultura-se-implica-con-gandia-pensa","status":"publish","type":"post","link":"https:\/\/infogandia.es\/index.php\/2025\/07\/07\/el-ministerio-de-cultura-se-implica-con-gandia-pensa\/","title":{"rendered":"El Ministerio de Cultura se implica con \u2018Gandia Pensa\u2019"},"content":{"rendered":"\n<p>El <strong>alcalde de Gandia, Jos\u00e9 Manuel Prieto<\/strong>, y la <strong>concejal de Cultura, Balbina Sendra<\/strong>, han mantenido esta ma\u00f1ana una reuni\u00f3n en Madrid con la <strong>Directora General del Libro, del C\u00f3mic y de la Lectura<\/strong>, <strong>Mar\u00eda Jos\u00e9 G\u00e1lvez<\/strong>, con el objetivo de reforzar la colaboraci\u00f3n institucional con el espacio de reflexi\u00f3n <strong>\u2018Gandia Pensa\u2019<\/strong>.<\/p>\n\n\n\n<p>Durante el encuentro, G\u00e1lvez expres\u00f3 el compromiso del <strong>Ministerio de Cultura<\/strong> de implicarse de manera m\u00e1s activa en el proyecto, <strong>sumando apoyo econ\u00f3mico a la colaboraci\u00f3n institucional que ya ven\u00eda ofreciendo<\/strong>. Valor\u00f3 muy positivamente que una ciudad como Gandia apueste por iniciativas que fomentan el pensamiento cr\u00edtico, el debate social y la defensa de los valores democr\u00e1ticos.<\/p>\n\n\n\n<p>Seg\u00fan el alcalde, <strong>\u201c\u2018Gandia Pensa\u2019 es un espacio de pensamiento cr\u00edtico que ya est\u00e1 convirtiendo a nuestra ciudad en un referente en la defensa de los valores democr\u00e1ticos\u201d<\/strong>, y reafirm\u00f3 la voluntad del Ayuntamiento de continuar buscando apoyo en otras administraciones e instituciones.<\/p>\n\n\n\n<p>Las primeras ediciones del ciclo han contado con <strong>destacados ponentes como el fil\u00f3sofo Theodor Kallifatides<\/strong> (en mayo) y <strong>el magistrado Joaquim Bosch<\/strong> (la pasada semana), lo que ha supuesto una notable acogida por parte del p\u00fablico y los agentes culturales.<\/p>\n\n\n\n<p>Cabe recordar que \u2018Gandia Pensa\u2019 es una iniciativa impulsada por el <strong>Ayuntamiento de Gandia<\/strong>, en colaboraci\u00f3n con la <strong>C\u00e1tedra Joan Noguera de la Universitat de Val\u00e8ncia<\/strong>, el <strong>CEIC Alfons el Vell<\/strong> y la propia <strong>Direcci\u00f3n General del Libro del Ministerio de Cultura<\/strong>. La <strong>comisaria del ciclo es la escritora \u00c0ngels Gregori<\/strong>.<\/p>\n\n\n\n<p>El objetivo de este espacio es <strong>fortalecer los valores humanistas y democr\u00e1ticos en un contexto de creciente incertidumbre social y pol\u00edtica<\/strong>, a trav\u00e9s de la palabra, el di\u00e1logo y la reflexi\u00f3n colectiva.<\/p>\n","protected":false},"excerpt":{"rendered":"<p>El alcalde de Gandia, Jos\u00e9 Manuel Prieto, y la concejal de Cultura, Balbina Sendra, han mantenido esta ma\u00f1ana una reuni\u00f3n en Madrid con la Directora General del Libro, del C\u00f3mic y de la Lectura, Mar\u00eda Jos\u00e9 G\u00e1lvez, con el objetivo de reforzar la colaboraci\u00f3n institucional con el espacio de reflexi\u00f3n \u2018Gandia Pensa\u2019. Durante el encuentro,&#8230;<\/p>\n","protected":false},"author":1,"featured_media":6504,"comment_status":"open","ping_status":"open","sticky":false,"template":"","format":"standard","meta":{"footnotes":""},"categories":[1],"tags":[],"class_list":["post-6506","post","type-post","status-publish","format-standard","has-post-thumbnail","hentry","category-actualidad"],"_links":{"self":[{"href":"https:\/\/infogandia.es\/index.php\/wp-json\/wp\/v2\/posts\/6506","targetHints":{"allow":["GET"]}}],"collection":[{"href":"https:\/\/infogandia.es\/index.php\/wp-json\/wp\/v2\/posts"}],"about":[{"href":"https:\/\/infogandia.es\/index.php\/wp-json\/wp\/v2\/types\/post"}],"author":[{"embeddable":true,"href":"https:\/\/infogandia.es\/index.php\/wp-json\/wp\/v2\/users\/1"}],"replies":[{"embeddable":true,"href":"https:\/\/infogandia.es\/index.php\/wp-json\/wp\/v2\/comments?post=6506"}],"version-history":[{"count":1,"href":"https:\/\/infogandia.es\/index.php\/wp-json\/wp\/v2\/posts\/6506\/revisions"}],"predecessor-version":[{"id":6507,"href":"https:\/\/infogandia.es\/index.php\/wp-json\/wp\/v2\/posts\/6506\/revisions\/6507"}],"wp:featuredmedia":[{"embeddable":true,"href":"https:\/\/infogandia.es\/index.php\/wp-json\/wp\/v2\/media\/6504"}],"wp:attachment":[{"href":"https:\/\/infogandia.es\/index.php\/wp-json\/wp\/v2\/media?parent=6506"}],"wp:term":[{"taxonomy":"category","embeddable":true,"href":"https:\/\/infogandia.es\/index.php\/wp-json\/wp\/v2\/categories?post=6506"},{"taxonomy":"post_tag","embeddable":true,"href":"https:\/\/infogandia.es\/index.php\/wp-json\/wp\/v2\/tags?post=6506"}],"curies":[{"name":"wp","href":"https:\/\/api.w.org\/{rel}","templated":true}]}}