{"id":6543,"date":"2025-07-09T17:06:43","date_gmt":"2025-07-09T17:06:43","guid":{"rendered":"https:\/\/infogandia.es\/?p=6543"},"modified":"2025-07-09T17:06:43","modified_gmt":"2025-07-09T17:06:43","slug":"el-grupo-popular-pide-sentido-comun-al-gobierno-socialista-en-sus-actuaciones-en-el-grau","status":"publish","type":"post","link":"https:\/\/infogandia.es\/index.php\/2025\/07\/09\/el-grupo-popular-pide-sentido-comun-al-gobierno-socialista-en-sus-actuaciones-en-el-grau\/","title":{"rendered":"El Grupo Popular pide \u201csentido com\u00fan\u201d al Gobierno socialista en sus actuaciones en el Grau"},"content":{"rendered":"\n<p>El Grupo Popular de Gandia ha reclamado al Gobierno local \u201cm\u00e1s sentido com\u00fan\u201d en las decisiones que afectan al barrio del Grau. La concejala responsable del distrito por parte del PP, <strong>Aina Borred\u00e0<\/strong>, ha criticado las \u00faltimas actuaciones municipales en la zona y ha instado al Ejecutivo socialista a dejar de centrarse en \u201cv\u00eddeos de Instagram hablando de \u2018humanizaci\u00f3n\u2019\u201d y comenzar a tomar medidas pr\u00e1cticas que beneficien directamente a vecinos y comerciantes.<\/p>\n\n\n\n<p>Borred\u00e0 ha celebrado la reciente instalaci\u00f3n de un paso de peatones en la calle <strong>Joan XXIII<\/strong>, una demanda hist\u00f3rica del grupo que llevaba m\u00e1s de un a\u00f1o esperando respuesta. Sin embargo, ha lamentado que esta medida llegue tarde y ha subrayado que \u201cno basta con hacer las cosas, hay que hacerlas bien y a tiempo\u201d.<\/p>\n\n\n\n<p>La concejala ha centrado sus cr\u00edticas en la <strong>falta de soluciones para el aparcamiento<\/strong>, un problema que considera \u201cclave\u201d para la calidad de vida en el Grau. \u201cEl Gobierno ha eliminado 15 plazas de aparcamiento con la implantaci\u00f3n del doble sentido en Joan XXIII, y adem\u00e1s ha convertido la zona morada en un \u00e1rea de pago obligatorio. Esto perjudica tanto a los residentes como a los comerciantes, que ven reducida la afluencia de clientes\u201d, ha afirmado.<\/p>\n\n\n\n<p>Desde el Grupo Popular se exige que se ofrezcan <strong>alternativas reales<\/strong> ante la p\u00e9rdida de estacionamientos, reclamando una planificaci\u00f3n m\u00e1s coherente y menos perjudicial para el d\u00eda a d\u00eda del vecindario.<\/p>\n\n\n\n<p>\u201cEs hora de que el Gobierno deje de complicar la vida a los ciudadanos del Grau y empiece a aplicar pol\u00edticas basadas en el sentido com\u00fan\u201d, ha concluido Borred\u00e0, reiterando la necesidad de <strong>actuaciones \u00fatiles y eficaces<\/strong> que den respuesta a las verdaderas necesidades del barrio.<\/p>\n","protected":false},"excerpt":{"rendered":"<p>El Grupo Popular de Gandia ha reclamado al Gobierno local \u201cm\u00e1s sentido com\u00fan\u201d en las decisiones que afectan al barrio del Grau. La concejala responsable del distrito por parte del PP, Aina Borred\u00e0, ha criticado las \u00faltimas actuaciones municipales en la zona y ha instado al Ejecutivo socialista a dejar de centrarse en \u201cv\u00eddeos de&#8230;<\/p>\n","protected":false},"author":1,"featured_media":6541,"comment_status":"open","ping_status":"open","sticky":false,"template":"","format":"standard","meta":{"footnotes":""},"categories":[1,3],"tags":[],"class_list":["post-6543","post","type-post","status-publish","format-standard","has-post-thumbnail","hentry","category-actualidad","category-politica"],"_links":{"self":[{"href":"https:\/\/infogandia.es\/index.php\/wp-json\/wp\/v2\/posts\/6543","targetHints":{"allow":["GET"]}}],"collection":[{"href":"https:\/\/infogandia.es\/index.php\/wp-json\/wp\/v2\/posts"}],"about":[{"href":"https:\/\/infogandia.es\/index.php\/wp-json\/wp\/v2\/types\/post"}],"author":[{"embeddable":true,"href":"https:\/\/infogandia.es\/index.php\/wp-json\/wp\/v2\/users\/1"}],"replies":[{"embeddable":true,"href":"https:\/\/infogandia.es\/index.php\/wp-json\/wp\/v2\/comments?post=6543"}],"version-history":[{"count":1,"href":"https:\/\/infogandia.es\/index.php\/wp-json\/wp\/v2\/posts\/6543\/revisions"}],"predecessor-version":[{"id":6544,"href":"https:\/\/infogandia.es\/index.php\/wp-json\/wp\/v2\/posts\/6543\/revisions\/6544"}],"wp:featuredmedia":[{"embeddable":true,"href":"https:\/\/infogandia.es\/index.php\/wp-json\/wp\/v2\/media\/6541"}],"wp:attachment":[{"href":"https:\/\/infogandia.es\/index.php\/wp-json\/wp\/v2\/media?parent=6543"}],"wp:term":[{"taxonomy":"category","embeddable":true,"href":"https:\/\/infogandia.es\/index.php\/wp-json\/wp\/v2\/categories?post=6543"},{"taxonomy":"post_tag","embeddable":true,"href":"https:\/\/infogandia.es\/index.php\/wp-json\/wp\/v2\/tags?post=6543"}],"curies":[{"name":"wp","href":"https:\/\/api.w.org\/{rel}","templated":true}]}}