{"id":6551,"date":"2025-07-09T17:10:48","date_gmt":"2025-07-09T17:10:48","guid":{"rendered":"https:\/\/infogandia.es\/?p=6551"},"modified":"2025-07-09T17:10:48","modified_gmt":"2025-07-09T17:10:48","slug":"beniopa-entrega-este-sabado-su-viii-premio-de-poesia-francesc-miret","status":"publish","type":"post","link":"https:\/\/infogandia.es\/index.php\/2025\/07\/09\/beniopa-entrega-este-sabado-su-viii-premio-de-poesia-francesc-miret\/","title":{"rendered":"Beniopa entrega este s\u00e1bado su VIII Premio de Poes\u00eda \u201cFrancesc Miret\u201d"},"content":{"rendered":"\n<p>El presidente de la Junta de Distrito de Beniopa, <strong>Jes\u00fas Naveiro<\/strong>, acompa\u00f1ado por el miembro de Safor\u00edssims Societat Liter\u00e0ria y escritor beniopense <strong>Ferran Garcia-Oliver<\/strong>, ha presentado esta ma\u00f1ana el acto de entrega del <strong>VIII Premio de Poes\u00eda de Beniopa \u201cFrancesc Miret\u201d<\/strong>, un certamen que se ha consolidado como <strong>referente cultural<\/strong> tanto dentro como fuera del distrito y del territorio valenciano.<\/p>\n\n\n\n<p>Durante su intervenci\u00f3n, Naveiro ha destacado el compromiso de la Junta de Distrito de Beniopa y de la <strong>Concejal\u00eda de Cultura<\/strong>, liderada por <strong>Balbina Sendra<\/strong>:<\/p>\n\n\n\n<blockquote class=\"wp-block-quote is-layout-flow wp-block-quote-is-layout-flow\">\n<p>\u201cNo olvidemos que la cultura es una necesidad b\u00e1sica de toda sociedad, y tenemos el deber de promoverla en todas sus manifestaciones\u201d.<\/p>\n<\/blockquote>\n\n\n\n<p>El presidente ha se\u00f1alado que este premio es una expresi\u00f3n viva de la identidad y orgullo de Beniopa, celebrando su evoluci\u00f3n en participaci\u00f3n y calidad: este a\u00f1o se han recibido <strong>71 trabajos<\/strong>.<\/p>\n\n\n\n<blockquote class=\"wp-block-quote is-layout-flow wp-block-quote-is-layout-flow\">\n<p>\u201cEs un galard\u00f3n literario que ya es patrimonio colectivo de Beniopa y que tenemos la obligaci\u00f3n de preservar\u201d.<\/p>\n<\/blockquote>\n\n\n\n<p>Tambi\u00e9n ha subrayado la importancia de tejer complicidades entre administraciones y sociedad civil para garantizar la continuidad de iniciativas como esta.<\/p>\n\n\n\n<blockquote class=\"wp-block-quote is-layout-flow wp-block-quote-is-layout-flow\">\n<p>\u201cCon Safor\u00edssims hacemos realidad, juntos, este certamen que trasciende fronteras\u201d, ha afirmado Naveiro, quien ha felicitado al ganador de esta edici\u00f3n, <strong>Ra\u00fcl Navarro<\/strong>, as\u00ed como a todos los finalistas.<\/p>\n<\/blockquote>\n\n\n\n<p>El <strong>acto de entrega del premio<\/strong> tendr\u00e1 lugar el <strong>s\u00e1bado 12 de julio, a las 20:30 horas<\/strong>, en el patio del centro c\u00edvico de la antigua <strong>Quadra de Beniopa<\/strong>. Ser\u00e1 una celebraci\u00f3n abierta a toda la ciudadan\u00eda que incluir\u00e1 la <strong>lectura del poema ganador y los finalistas<\/strong>, as\u00ed como la <strong>actuaci\u00f3n musical de Anna Millo<\/strong> y una <strong>cena de sobaquillo<\/strong>.<\/p>\n\n\n\n<p>Por su parte, <strong>Garcia-Oliver<\/strong> ha agradecido el apoyo de la Junta de Distrito y de la Concejal\u00eda de Cultura, destacando la <strong>calidad de las obras presentadas<\/strong> y la <strong>profesionalidad y transparencia del jurado<\/strong>.<br>A partir de la figura del poeta <strong>Francesc Miret<\/strong>, \u201chemos sido capaces de crear un espacio cultural propio en Beniopa, dentro de nuestras fiestas, que ya es un referente en la comarca y m\u00e1s all\u00e1 del Pa\u00eds Valenci\u00e0\u201d, como demuestra la <strong>diversa procedencia<\/strong> de los textos recibidos cada a\u00f1o.<\/p>\n\n\n\n<p>Finalmente, el escritor ha reivindicado el <strong>apoyo transversal a la lengua valenciana<\/strong> que se habla en Beniopa, especialmente \u201cen un momento de ataques por parte de la Generalitat\u201d.<\/p>\n","protected":false},"excerpt":{"rendered":"<p>El presidente de la Junta de Distrito de Beniopa, Jes\u00fas Naveiro, acompa\u00f1ado por el miembro de Safor\u00edssims Societat Liter\u00e0ria y escritor beniopense Ferran Garcia-Oliver, ha presentado esta ma\u00f1ana el acto de entrega del VIII Premio de Poes\u00eda de Beniopa \u201cFrancesc Miret\u201d, un certamen que se ha consolidado como referente cultural tanto dentro como fuera del&#8230;<\/p>\n","protected":false},"author":1,"featured_media":6552,"comment_status":"open","ping_status":"open","sticky":false,"template":"","format":"standard","meta":{"footnotes":""},"categories":[1],"tags":[],"class_list":["post-6551","post","type-post","status-publish","format-standard","has-post-thumbnail","hentry","category-actualidad"],"_links":{"self":[{"href":"https:\/\/infogandia.es\/index.php\/wp-json\/wp\/v2\/posts\/6551","targetHints":{"allow":["GET"]}}],"collection":[{"href":"https:\/\/infogandia.es\/index.php\/wp-json\/wp\/v2\/posts"}],"about":[{"href":"https:\/\/infogandia.es\/index.php\/wp-json\/wp\/v2\/types\/post"}],"author":[{"embeddable":true,"href":"https:\/\/infogandia.es\/index.php\/wp-json\/wp\/v2\/users\/1"}],"replies":[{"embeddable":true,"href":"https:\/\/infogandia.es\/index.php\/wp-json\/wp\/v2\/comments?post=6551"}],"version-history":[{"count":1,"href":"https:\/\/infogandia.es\/index.php\/wp-json\/wp\/v2\/posts\/6551\/revisions"}],"predecessor-version":[{"id":6553,"href":"https:\/\/infogandia.es\/index.php\/wp-json\/wp\/v2\/posts\/6551\/revisions\/6553"}],"wp:featuredmedia":[{"embeddable":true,"href":"https:\/\/infogandia.es\/index.php\/wp-json\/wp\/v2\/media\/6552"}],"wp:attachment":[{"href":"https:\/\/infogandia.es\/index.php\/wp-json\/wp\/v2\/media?parent=6551"}],"wp:term":[{"taxonomy":"category","embeddable":true,"href":"https:\/\/infogandia.es\/index.php\/wp-json\/wp\/v2\/categories?post=6551"},{"taxonomy":"post_tag","embeddable":true,"href":"https:\/\/infogandia.es\/index.php\/wp-json\/wp\/v2\/tags?post=6551"}],"curies":[{"name":"wp","href":"https:\/\/api.w.org\/{rel}","templated":true}]}}