{"id":6554,"date":"2025-07-10T09:34:27","date_gmt":"2025-07-10T09:34:27","guid":{"rendered":"https:\/\/infogandia.es\/?p=6554"},"modified":"2025-07-10T09:34:28","modified_gmt":"2025-07-10T09:34:28","slug":"gandia-celebra-el-dia-internacional-de-la-juventud-con-el-evento-musical-la-veu-jove","status":"publish","type":"post","link":"https:\/\/infogandia.es\/index.php\/2025\/07\/10\/gandia-celebra-el-dia-internacional-de-la-juventud-con-el-evento-musical-la-veu-jove\/","title":{"rendered":"Gandia celebra el D\u00eda Internacional de la Juventud con el evento musical \u2018La Veu Jove\u2019"},"content":{"rendered":"\n<p><em>El ganador del certamen actuar\u00e1 en la Fira i Festes ante miles de personas<\/em><\/p>\n\n\n\n<p>El Ayuntamiento de Gandia, a trav\u00e9s del Departamento de Juventud y en colaboraci\u00f3n con el Consell dels Joves, ha presentado esta ma\u00f1ana la programaci\u00f3n para conmemorar el D\u00eda Internacional de la Juventud, que se celebra el pr\u00f3ximo 12 de agosto.<\/p>\n\n\n\n<p>La principal actividad tendr\u00e1 lugar el s\u00e1bado 8 de agosto con la celebraci\u00f3n de <em>\u2018La Veu Jove\u2019<\/em>, un certamen musical pensado para dar visibilidad y proyecci\u00f3n a j\u00f3venes artistas locales.<\/p>\n\n\n\n<p>La concejala de Juventud, Inma Rodr\u00edguez, ha destacado que esta iniciativa nace con el objetivo de \u201cimpulsar y fomentar las iniciativas art\u00edsticas y musicales de la juventud del municipio\u201d. Seg\u00fan ha indicado, se trata de una jornada organizada \u201cpor y para la juventud\u201d, que apuesta por un ocio saludable y libre de alcohol, ofreciendo alternativas de entretenimiento donde los j\u00f3venes puedan disfrutar y expresarse creativamente.<\/p>\n\n\n\n<p><em>La Veu Jove<\/em> es un concurso musical abierto a j\u00f3venes de Gandia y la comarca. El t\u00e9cnico de Juventud, Adri\u00e0 Juste, ha explicado que el certamen busca \u201cofrecer una plataforma real de promoci\u00f3n para j\u00f3venes artistas poco conocidos, a la vez que se enriquece la oferta cultural con propuestas frescas, originales y diversas\u201d. El ganador o ganadora del concurso tendr\u00e1 la oportunidad de actuar durante la Fira i Festes de Gandia, una actuaci\u00f3n que supondr\u00e1 una gran proyecci\u00f3n ante miles de personas.<\/p>\n\n\n\n<p>Por su parte, el presidente del Consell dels Joves de Gandia, Crist\u00f3bal Trotonda, ha informado que las inscripciones para el concurso son gratuitas y estar\u00e1n abiertas del 10 al 27 de julio. Se pueden formalizar a trav\u00e9s de las redes sociales del Consell, escaneando el c\u00f3digo QR del cartel promocional o accediendo a la web <a class=\"\" href=\"http:\/\/laveujove.cjg.es\">laveujove.cjg.es<\/a>.<\/p>\n\n\n\n<figure class=\"wp-block-image size-large\"><img fetchpriority=\"high\" decoding=\"async\" width=\"1024\" height=\"714\" src=\"http:\/\/infogandia.es\/wp-content\/uploads\/2025\/07\/AO_1901-copia-1024x714.jpg\" alt=\"\" class=\"wp-image-6555\" srcset=\"https:\/\/infogandia.es\/wp-content\/uploads\/2025\/07\/AO_1901-copia-1024x714.jpg 1024w, https:\/\/infogandia.es\/wp-content\/uploads\/2025\/07\/AO_1901-copia-300x209.jpg 300w, https:\/\/infogandia.es\/wp-content\/uploads\/2025\/07\/AO_1901-copia-768x536.jpg 768w, https:\/\/infogandia.es\/wp-content\/uploads\/2025\/07\/AO_1901-copia-1536x1071.jpg 1536w, https:\/\/infogandia.es\/wp-content\/uploads\/2025\/07\/AO_1901-copia.jpg 1771w\" sizes=\"(max-width: 1024px) 100vw, 1024px\" \/><\/figure>\n\n\n\n<p>Adem\u00e1s del concurso musical, la jornada del 8 de agosto incluir\u00e1 otras actividades pensadas para el p\u00fablico joven. El tesorero del Consell dels Joves, Pablo Sousa, ha adelantado que la final del certamen se celebrar\u00e1 en directo a partir de las 19:00 h en la Alqueria Laborde, con un presentador especial que se anunciar\u00e1 pr\u00f3ximamente. Tras la final, continuar\u00e1 una fiesta dise\u00f1ada especialmente para la juventud. Tambi\u00e9n ha se\u00f1alado que el cartel promocional de este a\u00f1o ha sido realizado por la ilustradora Kim Torres (@kimyellowshoes).<\/p>\n\n\n\n<p>Como cierre, la concejala ha recordado que tambi\u00e9n se realizar\u00e1 un sorteo especial dirigido a j\u00f3venes empadronados en Gandia, con premios pensados para cubrir algunas de sus necesidades, como transporte o material para actividades art\u00edsticas. \u201cEste a\u00f1o queremos ofrecer una alternativa de ocio saludable, segura y que refleje la energ\u00eda y creatividad de nuestra juventud\u201d, ha concluido Rodr\u00edguez.<\/p>\n\n\n\n<p><\/p>\n","protected":false},"excerpt":{"rendered":"<p>El ganador del certamen actuar\u00e1 en la Fira i Festes ante miles de personas El Ayuntamiento de Gandia, a trav\u00e9s del Departamento de Juventud y en colaboraci\u00f3n con el Consell dels Joves, ha presentado esta ma\u00f1ana la programaci\u00f3n para conmemorar el D\u00eda Internacional de la Juventud, que se celebra el pr\u00f3ximo 12 de agosto. La&#8230;<\/p>\n","protected":false},"author":1,"featured_media":6556,"comment_status":"open","ping_status":"open","sticky":false,"template":"","format":"standard","meta":{"footnotes":""},"categories":[1],"tags":[],"class_list":["post-6554","post","type-post","status-publish","format-standard","has-post-thumbnail","hentry","category-actualidad"],"_links":{"self":[{"href":"https:\/\/infogandia.es\/index.php\/wp-json\/wp\/v2\/posts\/6554","targetHints":{"allow":["GET"]}}],"collection":[{"href":"https:\/\/infogandia.es\/index.php\/wp-json\/wp\/v2\/posts"}],"about":[{"href":"https:\/\/infogandia.es\/index.php\/wp-json\/wp\/v2\/types\/post"}],"author":[{"embeddable":true,"href":"https:\/\/infogandia.es\/index.php\/wp-json\/wp\/v2\/users\/1"}],"replies":[{"embeddable":true,"href":"https:\/\/infogandia.es\/index.php\/wp-json\/wp\/v2\/comments?post=6554"}],"version-history":[{"count":1,"href":"https:\/\/infogandia.es\/index.php\/wp-json\/wp\/v2\/posts\/6554\/revisions"}],"predecessor-version":[{"id":6557,"href":"https:\/\/infogandia.es\/index.php\/wp-json\/wp\/v2\/posts\/6554\/revisions\/6557"}],"wp:featuredmedia":[{"embeddable":true,"href":"https:\/\/infogandia.es\/index.php\/wp-json\/wp\/v2\/media\/6556"}],"wp:attachment":[{"href":"https:\/\/infogandia.es\/index.php\/wp-json\/wp\/v2\/media?parent=6554"}],"wp:term":[{"taxonomy":"category","embeddable":true,"href":"https:\/\/infogandia.es\/index.php\/wp-json\/wp\/v2\/categories?post=6554"},{"taxonomy":"post_tag","embeddable":true,"href":"https:\/\/infogandia.es\/index.php\/wp-json\/wp\/v2\/tags?post=6554"}],"curies":[{"name":"wp","href":"https:\/\/api.w.org\/{rel}","templated":true}]}}