{"id":6561,"date":"2025-07-10T19:13:06","date_gmt":"2025-07-10T19:13:06","guid":{"rendered":"https:\/\/infogandia.es\/?p=6561"},"modified":"2025-07-10T19:13:08","modified_gmt":"2025-07-10T19:13:08","slug":"volver-a-clase-a-los-50-una-experiencia-enriquecedora-en-el-campus-de-gandia","status":"publish","type":"post","link":"https:\/\/infogandia.es\/index.php\/2025\/07\/10\/volver-a-clase-a-los-50-una-experiencia-enriquecedora-en-el-campus-de-gandia\/","title":{"rendered":"Volver a clase a los 50: una experiencia enriquecedora en el campus de Gandia"},"content":{"rendered":"\n<p>Aprender no tiene edad, y el campus de Gandia de la Universitat Polit\u00e8cnica de Val\u00e8ncia (UPV) lo demuestra una vez m\u00e1s con la apertura de inscripciones para la novena edici\u00f3n de su programa s\u00e9nior, dirigido a personas mayores de 50 a\u00f1os que desean seguir creciendo personal y culturalmente.<\/p>\n\n\n\n<p>Este programa, que ha ido consolid\u00e1ndose desde su puesta en marcha en el curso 2017-2018, ofrece una amplia variedad de contenidos divulgativos y culturales en \u00e1reas como arte, historia, tecnolog\u00eda, bienestar y mucho m\u00e1s. Con un enfoque participativo y cercano, se busca no solo formar, sino tambi\u00e9n fomentar la socializaci\u00f3n y el disfrute a trav\u00e9s del conocimiento.<\/p>\n\n\n\n<p>\u201cEl n\u00famero de participantes ha crecido a\u00f1o tras a\u00f1o, lo que demuestra el inter\u00e9s y la buena acogida del programa\u201d, ha destacado Vicen\u00e7 Almenar, director del campus. Tal ha sido el \u00e9xito, que la pasada edici\u00f3n se cerr\u00f3 con lista de espera. Por ello, de cara al curso 2025-2026, se han ampliado las plazas hasta alcanzar las 120, distribuidas en dos grupos: uno que asistir\u00e1 a clase los lunes y mi\u00e9rcoles, y otro, los martes y jueves.<\/p>\n\n\n\n<p>Luis Miret, subdirector de Promoci\u00f3n y Relaciones con el Entorno, ha explicado que las sesiones se desarrollar\u00e1n en horario de tarde, de 16:30 a 17:30 y de 18:00 a 19:00 horas, en la Sala de Conferencias del campus. \u201cQueremos que m\u00e1s personas tengan acceso a esta experiencia que va m\u00e1s all\u00e1 de la formaci\u00f3n: es un espacio para conectar, compartir y mantenerse activos\u201d, ha se\u00f1alado.<\/p>\n\n\n\n<figure class=\"wp-block-image size-large\"><img fetchpriority=\"high\" decoding=\"async\" width=\"1024\" height=\"683\" src=\"http:\/\/infogandia.es\/wp-content\/uploads\/2025\/07\/2025-CAMPUS-GANDIA-24-1024x683.jpg\" alt=\"\" class=\"wp-image-6562\" srcset=\"https:\/\/infogandia.es\/wp-content\/uploads\/2025\/07\/2025-CAMPUS-GANDIA-24-1024x683.jpg 1024w, https:\/\/infogandia.es\/wp-content\/uploads\/2025\/07\/2025-CAMPUS-GANDIA-24-300x200.jpg 300w, https:\/\/infogandia.es\/wp-content\/uploads\/2025\/07\/2025-CAMPUS-GANDIA-24-768x512.jpg 768w, https:\/\/infogandia.es\/wp-content\/uploads\/2025\/07\/2025-CAMPUS-GANDIA-24-1536x1024.jpg 1536w, https:\/\/infogandia.es\/wp-content\/uploads\/2025\/07\/2025-CAMPUS-GANDIA-24-2048x1365.jpg 2048w, https:\/\/infogandia.es\/wp-content\/uploads\/2025\/07\/2025-CAMPUS-GANDIA-24-600x400.jpg 600w\" sizes=\"(max-width: 1024px) 100vw, 1024px\" \/><\/figure>\n\n\n\n<p>Adem\u00e1s de las clases, el programa incluye actividades complementarias como salidas culturales, excursiones y conferencias, seg\u00fan explica el profesor Bernardino Roig, quien ha estado al frente del proyecto durante los \u00faltimos tres a\u00f1os. Tambi\u00e9n se organizan jornadas intercampus con participantes de Alcoy, Gandia y Vera, fomentando el intercambio de experiencias entre estudiantes s\u00e9nior de toda la UPV.<\/p>\n\n\n\n<p>El programa s\u00e9nior est\u00e1 gestionado por la Universidad S\u00e9nior de la UPV, dependiente del Vicerrectorado de Arte, Ciencia, Tecnolog\u00eda y Sociedad, y cuenta con el respaldo de la Generalitat Valenciana, a trav\u00e9s de la Conselleria de Educaci\u00f3n, Universidades y Empleo.<\/p>\n\n\n\n<p>Las clases del pr\u00f3ximo curso se desarrollar\u00e1n del 13 de octubre de 2025 al 3 de junio de 2026. Las personas interesadas podr\u00e1n inscribirse hasta el 8 de octubre a trav\u00e9s de la p\u00e1gina web de la Universidad S\u00e9nior del campus de Gandia. Una oportunidad para descubrir que nunca es tarde para aprender, crecer y disfrutar de la vida universitaria.<\/p>\n","protected":false},"excerpt":{"rendered":"<p>Aprender no tiene edad, y el campus de Gandia de la Universitat Polit\u00e8cnica de Val\u00e8ncia (UPV) lo demuestra una vez m\u00e1s con la apertura de inscripciones para la novena edici\u00f3n de su programa s\u00e9nior, dirigido a personas mayores de 50 a\u00f1os que desean seguir creciendo personal y culturalmente. Este programa, que ha ido consolid\u00e1ndose desde&#8230;<\/p>\n","protected":false},"author":1,"featured_media":6563,"comment_status":"open","ping_status":"open","sticky":false,"template":"","format":"standard","meta":{"footnotes":""},"categories":[1],"tags":[],"class_list":["post-6561","post","type-post","status-publish","format-standard","has-post-thumbnail","hentry","category-actualidad"],"_links":{"self":[{"href":"https:\/\/infogandia.es\/index.php\/wp-json\/wp\/v2\/posts\/6561","targetHints":{"allow":["GET"]}}],"collection":[{"href":"https:\/\/infogandia.es\/index.php\/wp-json\/wp\/v2\/posts"}],"about":[{"href":"https:\/\/infogandia.es\/index.php\/wp-json\/wp\/v2\/types\/post"}],"author":[{"embeddable":true,"href":"https:\/\/infogandia.es\/index.php\/wp-json\/wp\/v2\/users\/1"}],"replies":[{"embeddable":true,"href":"https:\/\/infogandia.es\/index.php\/wp-json\/wp\/v2\/comments?post=6561"}],"version-history":[{"count":1,"href":"https:\/\/infogandia.es\/index.php\/wp-json\/wp\/v2\/posts\/6561\/revisions"}],"predecessor-version":[{"id":6564,"href":"https:\/\/infogandia.es\/index.php\/wp-json\/wp\/v2\/posts\/6561\/revisions\/6564"}],"wp:featuredmedia":[{"embeddable":true,"href":"https:\/\/infogandia.es\/index.php\/wp-json\/wp\/v2\/media\/6563"}],"wp:attachment":[{"href":"https:\/\/infogandia.es\/index.php\/wp-json\/wp\/v2\/media?parent=6561"}],"wp:term":[{"taxonomy":"category","embeddable":true,"href":"https:\/\/infogandia.es\/index.php\/wp-json\/wp\/v2\/categories?post=6561"},{"taxonomy":"post_tag","embeddable":true,"href":"https:\/\/infogandia.es\/index.php\/wp-json\/wp\/v2\/tags?post=6561"}],"curies":[{"name":"wp","href":"https:\/\/api.w.org\/{rel}","templated":true}]}}