{"id":6565,"date":"2025-07-14T07:31:20","date_gmt":"2025-07-14T07:31:20","guid":{"rendered":"https:\/\/infogandia.es\/?p=6565"},"modified":"2025-07-14T07:31:21","modified_gmt":"2025-07-14T07:31:21","slug":"la-fvmp-reactiva-la-red-de-municipios-por-la-economia-social-y-solidaria-de-la-comunitat-valenciana","status":"publish","type":"post","link":"https:\/\/infogandia.es\/index.php\/2025\/07\/14\/la-fvmp-reactiva-la-red-de-municipios-por-la-economia-social-y-solidaria-de-la-comunitat-valenciana\/","title":{"rendered":"La FVMP reactiva la Red de Municipios por la Econom\u00eda Social y Solidaria de la Comunitat Valenciana"},"content":{"rendered":"\n<p>La Federaci\u00f3n Valenciana de Municipios y Provincias (FVMP) ha anunciado la reactivaci\u00f3n de la Red de Municipios por la Econom\u00eda Social y Solidaria de la Comunitat Valenciana, un espacio de trabajo conjunto que busca impulsar la colaboraci\u00f3n entre entidades locales y fortalecer las iniciativas vinculadas a la econom\u00eda social y solidaria en todo el territorio auton\u00f3mico.<\/p>\n\n\n\n<p>Tras varios a\u00f1os de inactividad, la red vuelve a ponerse en marcha gracias al apoyo financiero de la Direcci\u00f3n General de Trabajo, Cooperativismo y Seguridad Laboral, a trav\u00e9s del subprograma \u201cPromoci\u00f3n del Cooperativismo y de la Econom\u00eda Social\u201d. Esta nueva etapa se plantea con una hoja de ruta clara y tres objetivos fundamentales para el a\u00f1o 2025.<\/p>\n\n\n\n<p><strong>Tres objetivos estrat\u00e9gicos para 2025<\/strong><\/p>\n\n\n\n<ol class=\"wp-block-list\">\n<li><strong>Consolidaci\u00f3n de la red como herramienta de gobernanza participativa:<\/strong><br>Se busca implicar activamente a ayuntamientos, empresas, cooperativas, entidades del tercer sector y ciudadan\u00eda en un modelo de gesti\u00f3n compartida, que permita tomar decisiones m\u00e1s justas, inclusivas y adaptadas a las realidades locales.<\/li>\n\n\n\n<li><strong>Elaboraci\u00f3n de un mapa del ecosistema de econom\u00eda social y solidaria en la Comunitat Valenciana:<\/strong><br>Este mapa identificar\u00e1 tanto a las empresas y entidades ya existentes como a los municipios que desarrollan pol\u00edticas en este \u00e1mbito. La herramienta ser\u00e1 clave para generar sinergias, detectar oportunidades y planificar futuras actuaciones.<\/li>\n\n\n\n<li><strong>Dise\u00f1o de un plan de formaci\u00f3n para entidades locales:<\/strong><br>A partir de un an\u00e1lisis de necesidades, se desarrollar\u00e1 un programa formativo dirigido al personal t\u00e9cnico y pol\u00edtico de las administraciones locales, que permita dotarlos de herramientas y conocimientos espec\u00edficos en materia de econom\u00eda social y solidaria.<\/li>\n<\/ol>\n\n\n\n<p>Esta nueva etapa de la red quiere ser un reflejo de los valores que la sustentan: cooperaci\u00f3n, sostenibilidad, equidad y solidaridad. El modelo participativo y corresponsable propuesto responde a la necesidad de construir pol\u00edticas p\u00fablicas conectadas con las demandas reales del territorio y capaces de generar un impacto social positivo.<\/p>\n\n\n\n<p>Desde la FVMP se hace un llamamiento a todos los ayuntamientos y entidades interesadas para que se sumen a esta iniciativa, con el prop\u00f3sito com\u00fan de avanzar hacia modelos econ\u00f3micos m\u00e1s justos, inclusivos y sostenibles en la Comunitat Valenciana.<\/p>\n\n\n\n<p><\/p>\n","protected":false},"excerpt":{"rendered":"<p>La Federaci\u00f3n Valenciana de Municipios y Provincias (FVMP) ha anunciado la reactivaci\u00f3n de la Red de Municipios por la Econom\u00eda Social y Solidaria de la Comunitat Valenciana, un espacio de trabajo conjunto que busca impulsar la colaboraci\u00f3n entre entidades locales y fortalecer las iniciativas vinculadas a la econom\u00eda social y solidaria en todo el territorio&#8230;<\/p>\n","protected":false},"author":1,"featured_media":6566,"comment_status":"open","ping_status":"open","sticky":false,"template":"","format":"standard","meta":{"footnotes":""},"categories":[1],"tags":[],"class_list":["post-6565","post","type-post","status-publish","format-standard","has-post-thumbnail","hentry","category-actualidad"],"_links":{"self":[{"href":"https:\/\/infogandia.es\/index.php\/wp-json\/wp\/v2\/posts\/6565","targetHints":{"allow":["GET"]}}],"collection":[{"href":"https:\/\/infogandia.es\/index.php\/wp-json\/wp\/v2\/posts"}],"about":[{"href":"https:\/\/infogandia.es\/index.php\/wp-json\/wp\/v2\/types\/post"}],"author":[{"embeddable":true,"href":"https:\/\/infogandia.es\/index.php\/wp-json\/wp\/v2\/users\/1"}],"replies":[{"embeddable":true,"href":"https:\/\/infogandia.es\/index.php\/wp-json\/wp\/v2\/comments?post=6565"}],"version-history":[{"count":1,"href":"https:\/\/infogandia.es\/index.php\/wp-json\/wp\/v2\/posts\/6565\/revisions"}],"predecessor-version":[{"id":6567,"href":"https:\/\/infogandia.es\/index.php\/wp-json\/wp\/v2\/posts\/6565\/revisions\/6567"}],"wp:featuredmedia":[{"embeddable":true,"href":"https:\/\/infogandia.es\/index.php\/wp-json\/wp\/v2\/media\/6566"}],"wp:attachment":[{"href":"https:\/\/infogandia.es\/index.php\/wp-json\/wp\/v2\/media?parent=6565"}],"wp:term":[{"taxonomy":"category","embeddable":true,"href":"https:\/\/infogandia.es\/index.php\/wp-json\/wp\/v2\/categories?post=6565"},{"taxonomy":"post_tag","embeddable":true,"href":"https:\/\/infogandia.es\/index.php\/wp-json\/wp\/v2\/tags?post=6565"}],"curies":[{"name":"wp","href":"https:\/\/api.w.org\/{rel}","templated":true}]}}