{"id":6568,"date":"2025-07-14T07:32:06","date_gmt":"2025-07-14T07:32:06","guid":{"rendered":"https:\/\/infogandia.es\/?p=6568"},"modified":"2025-07-14T07:32:07","modified_gmt":"2025-07-14T07:32:07","slug":"zevra-festival-2025-una-pasarela-de-musica-generaciones-y-experiencias-que-arrasa-en-cullera","status":"publish","type":"post","link":"https:\/\/infogandia.es\/index.php\/2025\/07\/14\/zevra-festival-2025-una-pasarela-de-musica-generaciones-y-experiencias-que-arrasa-en-cullera\/","title":{"rendered":"Zevra Festival 2025: una pasarela de m\u00fasica, generaciones y experiencias que arrasa en Cullera"},"content":{"rendered":"\n<p>Del 18 al 21 de julio, la Playa de Cullera se convertir\u00e1 en el epicentro del ocio joven en la costa mediterr\u00e1nea con la celebraci\u00f3n de la cuarta edici\u00f3n del <strong>Zevra Festival<\/strong>, un evento que reunir\u00e1 a m\u00e1s de <strong>150.000 asistentes<\/strong> con una programaci\u00f3n musical dise\u00f1ada para conectar por igual con <strong>zoomers<\/strong> (Generaci\u00f3n Z) y <strong>millennials<\/strong>. Zevra se consolida as\u00ed como el festival m\u00e1s multitudinario y transversal del verano.<\/p>\n\n\n\n<h3 class=\"wp-block-heading\">Un cartel que cruza generaciones<\/h3>\n\n\n\n<p>La propuesta musical del Zevra Festival 2025 destaca por su capacidad para atraer a p\u00fablicos de diferentes edades con referentes de dos eras digitales muy distintas: <strong>TikTok<\/strong> y <strong>Tuenti<\/strong>.<\/p>\n\n\n\n<ul class=\"wp-block-list\">\n<li>Para los m\u00e1s j\u00f3venes, el cartel incluye a estrellas actuales como <strong>Duki<\/strong>, <strong>Jhayco<\/strong>, <strong>Justin Quiles<\/strong>, <strong>Omar Courtz<\/strong>, <strong>Dei V<\/strong>, y al d\u00fao viral <strong>Alleh &amp; Yorghaki<\/strong>, autores del hit del a\u00f1o <em>Capaz (Merenguet\u00f3n)<\/em>, que debutan en un festival en Espa\u00f1a.<\/li>\n\n\n\n<li>Para quienes crecieron con la desaparecida red social Tuenti, el festival ofrece un viaje nost\u00e1lgico con actuaciones de <strong>Estopa<\/strong> (en su \u00fanico concierto en la Comunidad Valenciana en 2025), <strong>Camela<\/strong>, <strong>\u00c1lex Ubago<\/strong>, <strong>Maldita Nerea<\/strong> y el esperado regreso de <strong>Sonia y Selena<\/strong>, que volver\u00e1n a hacer sonar <em>Yo quiero bailar<\/em>.<\/li>\n<\/ul>\n\n\n\n<p>Adem\u00e1s, completan el line-up artistas internacionales como <strong>Jason Derulo<\/strong>, figuras del latin pop como <strong>Gente de Zona<\/strong>, <strong>Cali y El Dandee<\/strong> o <strong>Juan Mag\u00e1n<\/strong>, y una potente representaci\u00f3n de m\u00fasica electr\u00f3nica encabezada por <strong>DJ Nano<\/strong>, <strong>DJ Bacardit<\/strong> y <strong>Alvama Ice<\/strong>.<\/p>\n\n\n\n<figure class=\"wp-block-embed is-type-video is-provider-youtube wp-block-embed-youtube wp-embed-aspect-16-9 wp-has-aspect-ratio\"><div class=\"wp-block-embed__wrapper\">\n<iframe title=\"AFTERMOVIE ZEVRA 2024\" width=\"640\" height=\"360\" src=\"https:\/\/www.youtube.com\/embed\/I6YFJPDM_Kw?feature=oembed\" frameborder=\"0\" allow=\"accelerometer; autoplay; clipboard-write; encrypted-media; gyroscope; picture-in-picture; web-share\" referrerpolicy=\"strict-origin-when-cross-origin\" allowfullscreen><\/iframe>\n<\/div><\/figure>\n\n\n\n<h3 class=\"wp-block-heading\">Mucho m\u00e1s que m\u00fasica: una experiencia inmersiva<\/h3>\n\n\n\n<p>Zevra Festival es tambi\u00e9n un escaparate de moda, estilo de vida y cultura digital. En palabras de la organizaci\u00f3n, el evento busca \u201creinventar el concepto de festival de m\u00fasica\u201d para convertirse en un aut\u00e9ntico <strong>parque tem\u00e1tico del hedonismo<\/strong>. Influencers, marcas, dise\u00f1o, gastronom\u00eda, peluquer\u00eda, maquillaje y hasta un taller de tatuajes forman parte de esta experiencia sensorial en la que cada rinc\u00f3n est\u00e1 pensado para <strong>crear contenido y compartirlo en redes<\/strong>.<\/p>\n\n\n\n<p>El recinto, situado junto a la playa, incluye m\u00e1s de <strong>20 puntos selfie<\/strong>, una <strong>gigantesca noria<\/strong>, boulevard de palmeras, piscina balinesa, esculturas monumentales y zonas gourmet con opciones veganas y de cocina fusi\u00f3n. Todo est\u00e1 dise\u00f1ado para dejar huella en Instagram y TikTok.<\/p>\n\n\n\n<h3 class=\"wp-block-heading\">Entradas y contacto<\/h3>\n\n\n\n<p>Las entradas est\u00e1n disponibles desde <strong>65 \u20ac<\/strong> por d\u00eda en <a class=\"\" href=\"http:\/\/www.zevrafestival.com\">www.zevrafestival.com<\/a>, donde tambi\u00e9n puede consultarse el cartel completo y los horarios oficiales.<\/p>\n\n\n\n<p><\/p>\n","protected":false},"excerpt":{"rendered":"<p>Del 18 al 21 de julio, la Playa de Cullera se convertir\u00e1 en el epicentro del ocio joven en la costa mediterr\u00e1nea con la celebraci\u00f3n de la cuarta edici\u00f3n del Zevra Festival, un evento que reunir\u00e1 a m\u00e1s de 150.000 asistentes con una programaci\u00f3n musical dise\u00f1ada para conectar por igual con zoomers (Generaci\u00f3n Z) y&#8230;<\/p>\n","protected":false},"author":1,"featured_media":6569,"comment_status":"open","ping_status":"open","sticky":false,"template":"","format":"standard","meta":{"footnotes":""},"categories":[1],"tags":[],"class_list":["post-6568","post","type-post","status-publish","format-standard","has-post-thumbnail","hentry","category-actualidad"],"_links":{"self":[{"href":"https:\/\/infogandia.es\/index.php\/wp-json\/wp\/v2\/posts\/6568","targetHints":{"allow":["GET"]}}],"collection":[{"href":"https:\/\/infogandia.es\/index.php\/wp-json\/wp\/v2\/posts"}],"about":[{"href":"https:\/\/infogandia.es\/index.php\/wp-json\/wp\/v2\/types\/post"}],"author":[{"embeddable":true,"href":"https:\/\/infogandia.es\/index.php\/wp-json\/wp\/v2\/users\/1"}],"replies":[{"embeddable":true,"href":"https:\/\/infogandia.es\/index.php\/wp-json\/wp\/v2\/comments?post=6568"}],"version-history":[{"count":1,"href":"https:\/\/infogandia.es\/index.php\/wp-json\/wp\/v2\/posts\/6568\/revisions"}],"predecessor-version":[{"id":6570,"href":"https:\/\/infogandia.es\/index.php\/wp-json\/wp\/v2\/posts\/6568\/revisions\/6570"}],"wp:featuredmedia":[{"embeddable":true,"href":"https:\/\/infogandia.es\/index.php\/wp-json\/wp\/v2\/media\/6569"}],"wp:attachment":[{"href":"https:\/\/infogandia.es\/index.php\/wp-json\/wp\/v2\/media?parent=6568"}],"wp:term":[{"taxonomy":"category","embeddable":true,"href":"https:\/\/infogandia.es\/index.php\/wp-json\/wp\/v2\/categories?post=6568"},{"taxonomy":"post_tag","embeddable":true,"href":"https:\/\/infogandia.es\/index.php\/wp-json\/wp\/v2\/tags?post=6568"}],"curies":[{"name":"wp","href":"https:\/\/api.w.org\/{rel}","templated":true}]}}